{"id":2662,"date":"2020-05-11T19:05:25","date_gmt":"2020-05-11T18:05:25","guid":{"rendered":"http:\/\/alimentacplp.com\/2019\/10\/24\/copia-forum-brasileiro-de-soberania-e-seguranca-alimentar-e-nutricional-fbssan\/"},"modified":"2020-06-16T16:45:37","modified_gmt":"2020-06-16T15:45:37","slug":"rendimento-social-de-inclusao-emergencial","status":"publish","type":"post","link":"https:\/\/alimentacplp.com\/home\/2020\/05\/11\/rendimento-social-de-inclusao-emergencial\/","title":{"rendered":"Rendimento Social de Inclus\u00e3o Emergencial"},"content":{"rendered":"<div class=\"fusion-fullwidth fullwidth-box fusion-builder-row-1 nonhundred-percent-fullwidth non-hundred-percent-height-scrolling\" style=\"background-color: #ffffff;background-position: center center;background-repeat: no-repeat;padding-top:4%;padding-right:10%;padding-bottom:4%;padding-left:10%;margin-bottom: 0px;margin-top: 0px;border-width: 0px 0px 0px 0px;border-color:#eae9e9;border-style:solid;\" ><div class=\"fusion-builder-row fusion-row\"><div class=\"fusion-layout-column fusion_builder_column fusion-builder-column-0 fusion_builder_column_1_1 1_1 fusion-one-full fusion-column-first fusion-column-last fusion-animated\" style=\"margin-top:0px;margin-bottom:20px;\" data-animationType=\"fadeInDown\" data-animationDuration=\"0.7\" data-animationOffset=\"100%\"><div class=\"fusion-column-wrapper fusion-flex-column-wrapper-legacy\" style=\"background-position:left top;background-repeat:no-repeat;-webkit-background-size:cover;-moz-background-size:cover;-o-background-size:cover;background-size:cover;background-color:#ffffff;padding: 0px 0px 0px 0px;\"><div class=\"fusion-text fusion-text-1\"><p style=\"color: #000000; font-size: 28px;\" data-fusion-font=\"true\">Medidas de prote\u00e7\u00e3o social para as fam\u00edlias e prote\u00e7\u00e3o ao rendimento por um per\u00edodo de 30 dias.<\/p>\n<\/div><div class=\"fusion-sep-clear\"><\/div><div class=\"fusion-separator fusion-full-width-sep\" style=\"margin-left: auto;margin-right: auto;margin-top:1%;margin-bottom:5%;width:100%;\"><div class=\"fusion-separator-border sep-single sep-dashed\" style=\"border-color:#c6c4c4;border-top-width:1px;\"><\/div><\/div><div class=\"fusion-sep-clear\"><\/div><div class=\"fusion-text fusion-text-2\"><p><span style=\"font-weight: 400;\">O <\/span><b>Rendimento Social de Inclus\u00e3o Emergencial<\/b><span style=\"font-weight: 400;\"> pretende alargar, de forma urgente e tempor\u00e1ria, a mais de <\/span><b>2.788 agregados familiares<\/b><span style=\"font-weight: 400;\">, uma renda mensal de <\/span><b>5.500 escudos<\/b><span style=\"font-weight: 400;\">, na mesma linha dos 4500 agregados inclu\u00eddos no projeto RSI. S\u00e3o candidatos a esta medida os agregados familiares classificados no Cadastro Social \u00danico (CSU) no grupo 1 das fam\u00edlias em situa\u00e7\u00e3o de pobreza extrema e que incluam no seu seio pelo menos uma crian\u00e7a de idade m\u00e1xima de 15 anos. A inscri\u00e7\u00e3o no CSU \u00e9 condi\u00e7\u00e3o obrigat\u00f3ria para serem considerados para tal benef\u00edcio.<\/span><\/p>\n<p><span style=\"font-weight: 400;\">J\u00e1 o <\/span><b>Rendimento Solid\u00e1rio<\/b><span style=\"font-weight: 400;\"> inclui os trabalhadores do Regime Especial das Micro e Pequenas Empresas (REMPE), trabalhadores por conta pr\u00f3pria do setor informal da economia n\u00e3o pertencentes ao Regime REMPE, trabalhadores das empresas privadas n\u00e3o inscritos no INPS, trabalhadores dos jardins infantis e creches privados n\u00e3o inscritos no INPS, que tenham rendimento m\u00e9dio mensal inferior ou igual a vinte mil escudos (20.000$00). Outros crit\u00e9rios t\u00eam a ver com a impossibilidade do exerc\u00edcio da sua atividade face ao Estado de Emerg\u00eancia e com a apresenta\u00e7\u00e3o de Declara\u00e7\u00e3o de Rendimento enquadr\u00e1vel, havendo ainda a obrigatoriedade de inscri\u00e7\u00e3o no Cadastro Social \u00danico (CSU).\u00a0<\/span><\/p>\n<p><span style=\"font-weight: 400;\">Estes trabalhadores receber\u00e3o a quantia de <\/span><b>10.000 escudos<\/b><span style=\"font-weight: 400;\"> durante um m\u00eas, que ser\u00e1 depositada por transfer\u00eancia banc\u00e1ria pelo INPS para os trabalhadores do REMPE, e pelo Minist\u00e9rio da Fam\u00edlia e Inclus\u00e3o Social\/Tesouro para os trabalhadores n\u00e3o pertencentes ao REMPE. Ser\u00e3o aplicados crit\u00e9rios de prioriza\u00e7\u00e3o dos agregados familiares tendo em conta as vulnerabilidades dos mesmos.<\/span><\/p>\n<p><span style=\"font-weight: 400;\">Uma outra medida implementada \u00e9 o <\/span><b>Programa de Assist\u00eancia Alimenta<\/b><span style=\"font-weight: 400;\">r direcionado aos grupos mais vulner\u00e1veis em termos de seguran\u00e7a alimentar e nutricional. Abrange as fam\u00edlias, cujo rendimento se situa abaixo do sal\u00e1rio m\u00ednimo ou sem qualquer fonte de rendimento. S\u00e3o <\/span><b>22.500 fam\u00edlias<\/b><span style=\"font-weight: 400;\">, correspondentes a cerca de 90.000 pessoas.<\/span><\/p>\n<p><span style=\"font-weight: 400;\">Para os idosos e pessoas dependentes que vivem isolados, ser\u00e1 prestado o <\/span><b>Servi\u00e7o de Cuidados a Domic\u00edlio<\/b><span style=\"font-weight: 400;\">, com recurso ao recrutamento de trabalhadores sociais, cuidadores e volunt\u00e1rios, salvaguardando as medidas de seguran\u00e7a pessoal, para garantir assist\u00eancia, em articula\u00e7\u00e3o com os servi\u00e7os das camaras municipais, da Prote\u00e7\u00e3o Civil e de sa\u00fade.<\/span><\/p>\n<p><span style=\"font-weight: 400;\">Relembra-se que a inscri\u00e7\u00e3o no Cadastro Social \u00danico \u00e9 condi\u00e7\u00e3o primeira e obrigat\u00f3ria para a obten\u00e7\u00e3o dos referidos benef\u00edcios e que tal inscri\u00e7\u00e3o pode ser feita online, atrav\u00e9s do formul\u00e1rio de pr\u00e9-inscri\u00e7\u00e3o CSU, realizando-se assim um Cadastro Social \u00danico Provis\u00f3rio, ou atrav\u00e9s da supracitada Linha Verde 800 52 00_prote\u00e7\u00e3o social.<\/span><\/p>\n<\/div><div class=\"fusion-clearfix\"><\/div><\/div><\/div><\/div><\/div>\n","protected":false},"excerpt":{"rendered":"<p>O Rendimento Social de Inclus\u00e3o Emergencial pretende alargar, de forma urgente e tempor\u00e1ria, a mais de 2.788 agregados familiares, uma renda mensal de 5.500 escudos&#8230;<\/p>\n","protected":false},"author":2,"featured_media":2388,"comment_status":"open","ping_status":"open","sticky":false,"template":"","format":"standard","meta":[],"categories":[39,53],"tags":[],"yoast_head":"<!-- This site is optimized with the Yoast SEO plugin v15.2.1 - https:\/\/yoast.com\/wordpress\/plugins\/seo\/ -->\n<title>Rendimento Social de Inclus\u00e3o Emergencial em Cabo Verde<\/title>\n<meta name=\"description\" content=\"O Rendimento Social de Inclus\u00e3o Emergencial em Cabo Verde pretende alargar, a mais de 2.788 agregados familiares, uma renda mensal de 5.500 escudos.\" \/>\n<meta name=\"robots\" content=\"index, follow, max-snippet:-1, max-image-preview:large, max-video-preview:-1\" \/>\n<link rel=\"canonical\" href=\"https:\/\/alimentacplp.com\/home\/2020\/05\/11\/rendimento-social-de-inclusao-emergencial\/\" \/>\n<meta property=\"og:locale\" content=\"pt_BR\" \/>\n<meta property=\"og:type\" content=\"article\" \/>\n<meta property=\"og:title\" content=\"Rendimento Social de Inclus\u00e3o Emergencial em Cabo Verde\" \/>\n<meta property=\"og:description\" content=\"O Rendimento Social de Inclus\u00e3o Emergencial em Cabo Verde pretende alargar, a mais de 2.788 agregados familiares, uma renda mensal de 5.500 escudos.\" \/>\n<meta property=\"og:url\" content=\"https:\/\/alimentacplp.com\/home\/2020\/05\/11\/rendimento-social-de-inclusao-emergencial\/\" \/>\n<meta property=\"og:site_name\" content=\"Alimenta CPLP!\" \/>\n<meta property=\"article:publisher\" content=\"https:\/\/www.facebook.com\/Alimenta-CPLP-114985186857112\/\" \/>\n<meta property=\"article:published_time\" content=\"2020-05-11T18:05:25+00:00\" \/>\n<meta property=\"article:modified_time\" content=\"2020-06-16T15:45:37+00:00\" \/>\n<meta property=\"og:image\" content=\"https:\/\/alimentacplp.com\/wp-content\/uploads\/2020\/04\/slide_bg_03-scaled.jpg\" \/>\n\t<meta property=\"og:image:width\" content=\"2560\" \/>\n\t<meta property=\"og:image:height\" content=\"1223\" \/>\n<meta name=\"twitter:card\" content=\"summary_large_image\" \/>\n<meta name=\"twitter:label1\" content=\"Written by\">\n\t<meta name=\"twitter:data1\" content=\"Alimenta CPLP\">\n\t<meta name=\"twitter:label2\" content=\"Est. reading time\">\n\t<meta name=\"twitter:data2\" content=\"3 minutos\">\n<script type=\"application\/ld+json\" class=\"yoast-schema-graph\">{\"@context\":\"https:\/\/schema.org\",\"@graph\":[{\"@type\":\"WebSite\",\"@id\":\"https:\/\/alimentacplp.com\/home\/#website\",\"url\":\"https:\/\/alimentacplp.com\/home\/\",\"name\":\"Alimenta CPLP!\",\"description\":\"Observat\\u00f3rio COVID-19 CPLP\",\"potentialAction\":[{\"@type\":\"SearchAction\",\"target\":\"https:\/\/alimentacplp.com\/home\/?s={search_term_string}\",\"query-input\":\"required name=search_term_string\"}],\"inLanguage\":\"pt-BR\"},{\"@type\":\"ImageObject\",\"@id\":\"https:\/\/alimentacplp.com\/home\/2020\/05\/11\/rendimento-social-de-inclusao-emergencial\/#primaryimage\",\"inLanguage\":\"pt-BR\",\"url\":\"https:\/\/alimentacplp.com\/wp-content\/uploads\/2020\/04\/slide_bg_03-scaled.jpg\",\"width\":2560,\"height\":1223,\"caption\":\"Alimenta\\u00e7\\u00e3o CPLP! | Impacto do Covid-19 na alimenta\\u00e7\\u00e3o nos pa\\u00edses da CPLP | Alimenta\\u00e7\\u00e3o familiar | Agricultura sustent\\u00e1vel\"},{\"@type\":\"WebPage\",\"@id\":\"https:\/\/alimentacplp.com\/home\/2020\/05\/11\/rendimento-social-de-inclusao-emergencial\/#webpage\",\"url\":\"https:\/\/alimentacplp.com\/home\/2020\/05\/11\/rendimento-social-de-inclusao-emergencial\/\",\"name\":\"Rendimento Social de Inclus\\u00e3o Emergencial em Cabo Verde\",\"isPartOf\":{\"@id\":\"https:\/\/alimentacplp.com\/home\/#website\"},\"primaryImageOfPage\":{\"@id\":\"https:\/\/alimentacplp.com\/home\/2020\/05\/11\/rendimento-social-de-inclusao-emergencial\/#primaryimage\"},\"datePublished\":\"2020-05-11T18:05:25+00:00\",\"dateModified\":\"2020-06-16T15:45:37+00:00\",\"author\":{\"@id\":\"https:\/\/alimentacplp.com\/home\/#\/schema\/person\/c6d7e6e0e6225ea6326dc847d0bb1b34\"},\"description\":\"O Rendimento Social de Inclus\\u00e3o Emergencial em Cabo Verde pretende alargar, a mais de 2.788 agregados familiares, uma renda mensal de 5.500 escudos.\",\"inLanguage\":\"pt-BR\",\"potentialAction\":[{\"@type\":\"ReadAction\",\"target\":[\"https:\/\/alimentacplp.com\/home\/2020\/05\/11\/rendimento-social-de-inclusao-emergencial\/\"]}]},{\"@type\":\"Person\",\"@id\":\"https:\/\/alimentacplp.com\/home\/#\/schema\/person\/c6d7e6e0e6225ea6326dc847d0bb1b34\",\"name\":\"Alimenta CPLP\",\"image\":{\"@type\":\"ImageObject\",\"@id\":\"https:\/\/alimentacplp.com\/home\/#personlogo\",\"inLanguage\":\"pt-BR\",\"url\":\"https:\/\/secure.gravatar.com\/avatar\/6ea32ca320819dda6d6f2d89f3d50639?s=96&d=mm&r=g\",\"caption\":\"Alimenta CPLP\"},\"description\":\"Esta plataforma est\\u00e1 aberta a todas as organiza\\u00e7\\u00f5es da sociedade civil, academia, setor privado e governos dos Estados \\u2013 Membro da Comunidade de Pa\\u00edses de L\\u00edngua Portuguesa e \\u00e9 facilitada tecnicamente pela ACTUAR \\u2013 Associa\\u00e7\\u00e3o para a Coopera\\u00e7\\u00e3o e Desenvolvimento. Para contatar a equipe do site entre em contato.\"}]}<\/script>\n<!-- \/ Yoast SEO plugin. -->","_links":{"self":[{"href":"https:\/\/alimentacplp.com\/home\/wp-json\/wp\/v2\/posts\/2662"}],"collection":[{"href":"https:\/\/alimentacplp.com\/home\/wp-json\/wp\/v2\/posts"}],"about":[{"href":"https:\/\/alimentacplp.com\/home\/wp-json\/wp\/v2\/types\/post"}],"author":[{"embeddable":true,"href":"https:\/\/alimentacplp.com\/home\/wp-json\/wp\/v2\/users\/2"}],"replies":[{"embeddable":true,"href":"https:\/\/alimentacplp.com\/home\/wp-json\/wp\/v2\/comments?post=2662"}],"version-history":[{"count":2,"href":"https:\/\/alimentacplp.com\/home\/wp-json\/wp\/v2\/posts\/2662\/revisions"}],"predecessor-version":[{"id":2664,"href":"https:\/\/alimentacplp.com\/home\/wp-json\/wp\/v2\/posts\/2662\/revisions\/2664"}],"wp:featuredmedia":[{"embeddable":true,"href":"https:\/\/alimentacplp.com\/home\/wp-json\/wp\/v2\/media\/2388"}],"wp:attachment":[{"href":"https:\/\/alimentacplp.com\/home\/wp-json\/wp\/v2\/media?parent=2662"}],"wp:term":[{"taxonomy":"category","embeddable":true,"href":"https:\/\/alimentacplp.com\/home\/wp-json\/wp\/v2\/categories?post=2662"},{"taxonomy":"post_tag","embeddable":true,"href":"https:\/\/alimentacplp.com\/home\/wp-json\/wp\/v2\/tags?post=2662"}],"curies":[{"name":"wp","href":"https:\/\/api.w.org\/{rel}","templated":true}]}}