{"id":2668,"date":"2020-05-11T19:05:25","date_gmt":"2020-05-11T18:05:25","guid":{"rendered":"http:\/\/alimentacplp.com\/2019\/10\/24\/copia-rendimento-social-de-inclusao-emergencial-2\/"},"modified":"2020-05-26T10:22:59","modified_gmt":"2020-05-26T09:22:59","slug":"covid19-santo-antao","status":"publish","type":"post","link":"https:\/\/alimentacplp.com\/home\/2020\/05\/11\/covid19-santo-antao\/","title":{"rendered":"Covid-19 em Santo Ant\u00e3o"},"content":{"rendered":"<div class=\"fusion-fullwidth fullwidth-box fusion-builder-row-1 nonhundred-percent-fullwidth non-hundred-percent-height-scrolling\" style=\"background-color: #ffffff;background-position: center center;background-repeat: no-repeat;padding-top:4%;padding-right:10%;padding-bottom:4%;padding-left:10%;margin-bottom: 0px;margin-top: 0px;border-width: 0px 0px 0px 0px;border-color:#eae9e9;border-style:solid;\" ><div class=\"fusion-builder-row fusion-row\"><div class=\"fusion-layout-column fusion_builder_column fusion-builder-column-0 fusion_builder_column_1_1 1_1 fusion-one-full fusion-column-first fusion-column-last fusion-animated\" style=\"margin-top:0px;margin-bottom:20px;\" data-animationType=\"fadeInDown\" data-animationDuration=\"0.7\" data-animationOffset=\"100%\"><div class=\"fusion-column-wrapper fusion-flex-column-wrapper-legacy\" style=\"background-position:left top;background-repeat:no-repeat;-webkit-background-size:cover;-moz-background-size:cover;-o-background-size:cover;background-size:cover;background-color:#ffffff;padding: 0px 0px 0px 0px;\"><div class=\"fusion-text fusion-text-1\"><p style=\"color: #000000; font-size: 28px;\" data-fusion-font=\"true\">Covid-19 em Santo Ant\u00e3o: Ficase canaliza quase tonelada e meia de produtos agr\u00edcolas \u00e0s fam\u00edlias em situa\u00e7\u00e3o de risco<\/p>\n<\/div><div class=\"fusion-sep-clear\"><\/div><div class=\"fusion-separator fusion-full-width-sep\" style=\"margin-left: auto;margin-right: auto;margin-top:1%;margin-bottom:5%;width:100%;\"><div class=\"fusion-separator-border sep-single sep-dashed\" style=\"border-color:#c6c4c4;border-top-width:1px;\"><\/div><\/div><div class=\"fusion-sep-clear\"><\/div><div class=\"fusion-text fusion-text-2\"><p><span style=\"font-weight: 400;\">A\u00e7\u00f5es de compras institucionais em resposta \u00e0 pandemia da Covid-19. O projeto est\u00e1 sendo implementado pela ONG Associa\u00e7\u00e3o dos Amigos da Natureza em parceria com o CERAI &#8211; Centro de Estudos Rurais e Agricultura Internacional (ONG Espanhola) com o financiamento do ARAA &#8211; Ag\u00eancia Regional de Agricultura e Alimenta\u00e7\u00e3o da Comunidade dos Estados da \u00c1frica Ocidental e Ag\u00eancia Espanhola de Coopera\u00e7\u00e3o Internacional.\u00a0<\/span><\/p>\n<p><a href=\"https:\/\/www.inforpress.cv\/covid-19-santo-antao-ficase-canaliza-quase-tonelada-e-meia-de-produtos-agricolas-as-familias-em-situacao-de-risco\/\"><span style=\"font-weight: 400;\">https:\/\/www.inforpress.cv\/covid-19-santo-antao-ficase-canaliza-quase-tonelada-e-meia-de-produtos-agricolas-as-familias-em-situacao-de-risco\/<\/span><\/a><\/p>\n<\/div><div class=\"fusion-clearfix\"><\/div><\/div><\/div><\/div><\/div>\n","protected":false},"excerpt":{"rendered":"<p>A\u00e7\u00f5es de compras institucionais em resposta \u00e0 pandemia da Covid-19. O projeto est\u00e1 sendo implementado pela ONG Associa\u00e7\u00e3o dos Amigos da Natureza em parceria com o CERAI&#8230;<\/p>\n","protected":false},"author":2,"featured_media":2416,"comment_status":"open","ping_status":"open","sticky":false,"template":"","format":"standard","meta":[],"categories":[39,53],"tags":[],"yoast_head":"<!-- This site is optimized with the Yoast SEO plugin v15.2.1 - https:\/\/yoast.com\/wordpress\/plugins\/seo\/ -->\n<title>Covid-19 em Santo Ant\u00e3o | Alimenta CPLP!<\/title>\n<meta name=\"description\" content=\"Covid-19 em Santo Ant\u00e3o: Ficase canaliza quase tonelada e meia de produtos agr\u00edcolas \u00e0s fam\u00edlias em situa\u00e7\u00e3o de risco.\" \/>\n<meta name=\"robots\" content=\"index, follow, max-snippet:-1, max-image-preview:large, max-video-preview:-1\" \/>\n<link rel=\"canonical\" href=\"https:\/\/alimentacplp.com\/home\/2020\/05\/11\/covid19-santo-antao\/\" \/>\n<meta property=\"og:locale\" content=\"pt_BR\" \/>\n<meta property=\"og:type\" content=\"article\" \/>\n<meta property=\"og:title\" content=\"Covid-19 em Santo Ant\u00e3o | Alimenta CPLP!\" \/>\n<meta property=\"og:description\" content=\"Covid-19 em Santo Ant\u00e3o: Ficase canaliza quase tonelada e meia de produtos agr\u00edcolas \u00e0s fam\u00edlias em situa\u00e7\u00e3o de risco.\" \/>\n<meta property=\"og:url\" content=\"https:\/\/alimentacplp.com\/home\/2020\/05\/11\/covid19-santo-antao\/\" \/>\n<meta property=\"og:site_name\" content=\"Alimenta CPLP!\" \/>\n<meta property=\"article:publisher\" content=\"https:\/\/www.facebook.com\/Alimenta-CPLP-114985186857112\/\" \/>\n<meta property=\"article:published_time\" content=\"2020-05-11T18:05:25+00:00\" \/>\n<meta property=\"article:modified_time\" content=\"2020-05-26T09:22:59+00:00\" \/>\n<meta property=\"og:image\" content=\"https:\/\/alimentacplp.com\/wp-content\/uploads\/2020\/04\/Footer_bg_01.jpg\" \/>\n\t<meta property=\"og:image:width\" content=\"2304\" \/>\n\t<meta property=\"og:image:height\" content=\"1296\" \/>\n<meta name=\"twitter:card\" content=\"summary_large_image\" \/>\n<meta name=\"twitter:label1\" content=\"Written by\">\n\t<meta name=\"twitter:data1\" content=\"Alimenta CPLP\">\n\t<meta name=\"twitter:label2\" content=\"Est. reading time\">\n\t<meta name=\"twitter:data2\" content=\"2 minutos\">\n<script type=\"application\/ld+json\" class=\"yoast-schema-graph\">{\"@context\":\"https:\/\/schema.org\",\"@graph\":[{\"@type\":\"WebSite\",\"@id\":\"https:\/\/alimentacplp.com\/home\/#website\",\"url\":\"https:\/\/alimentacplp.com\/home\/\",\"name\":\"Alimenta CPLP!\",\"description\":\"Observat\\u00f3rio COVID-19 CPLP\",\"potentialAction\":[{\"@type\":\"SearchAction\",\"target\":\"https:\/\/alimentacplp.com\/home\/?s={search_term_string}\",\"query-input\":\"required name=search_term_string\"}],\"inLanguage\":\"pt-BR\"},{\"@type\":\"ImageObject\",\"@id\":\"https:\/\/alimentacplp.com\/home\/2020\/05\/11\/covid19-santo-antao\/#primaryimage\",\"inLanguage\":\"pt-BR\",\"url\":\"https:\/\/alimentacplp.com\/wp-content\/uploads\/2020\/04\/Footer_bg_01.jpg\",\"width\":2304,\"height\":1296,\"caption\":\"Alimenta\\u00e7\\u00e3o CPLP! | Impacto do Covid-19 na alimenta\\u00e7\\u00e3o nos pa\\u00edses da CPLP | Alimenta\\u00e7\\u00e3o familiar | Agricultura sustent\\u00e1vel | COVID-19 Medidas dos Paises\/Cidades da UCCLA\"},{\"@type\":\"WebPage\",\"@id\":\"https:\/\/alimentacplp.com\/home\/2020\/05\/11\/covid19-santo-antao\/#webpage\",\"url\":\"https:\/\/alimentacplp.com\/home\/2020\/05\/11\/covid19-santo-antao\/\",\"name\":\"Covid-19 em Santo Ant\\u00e3o | Alimenta CPLP!\",\"isPartOf\":{\"@id\":\"https:\/\/alimentacplp.com\/home\/#website\"},\"primaryImageOfPage\":{\"@id\":\"https:\/\/alimentacplp.com\/home\/2020\/05\/11\/covid19-santo-antao\/#primaryimage\"},\"datePublished\":\"2020-05-11T18:05:25+00:00\",\"dateModified\":\"2020-05-26T09:22:59+00:00\",\"author\":{\"@id\":\"https:\/\/alimentacplp.com\/home\/#\/schema\/person\/c6d7e6e0e6225ea6326dc847d0bb1b34\"},\"description\":\"Covid-19 em Santo Ant\\u00e3o: Ficase canaliza quase tonelada e meia de produtos agr\\u00edcolas \\u00e0s fam\\u00edlias em situa\\u00e7\\u00e3o de risco.\",\"inLanguage\":\"pt-BR\",\"potentialAction\":[{\"@type\":\"ReadAction\",\"target\":[\"https:\/\/alimentacplp.com\/home\/2020\/05\/11\/covid19-santo-antao\/\"]}]},{\"@type\":\"Person\",\"@id\":\"https:\/\/alimentacplp.com\/home\/#\/schema\/person\/c6d7e6e0e6225ea6326dc847d0bb1b34\",\"name\":\"Alimenta CPLP\",\"image\":{\"@type\":\"ImageObject\",\"@id\":\"https:\/\/alimentacplp.com\/home\/#personlogo\",\"inLanguage\":\"pt-BR\",\"url\":\"https:\/\/secure.gravatar.com\/avatar\/6ea32ca320819dda6d6f2d89f3d50639?s=96&d=mm&r=g\",\"caption\":\"Alimenta CPLP\"},\"description\":\"Esta plataforma est\\u00e1 aberta a todas as organiza\\u00e7\\u00f5es da sociedade civil, academia, setor privado e governos dos Estados \\u2013 Membro da Comunidade de Pa\\u00edses de L\\u00edngua Portuguesa e \\u00e9 facilitada tecnicamente pela ACTUAR \\u2013 Associa\\u00e7\\u00e3o para a Coopera\\u00e7\\u00e3o e Desenvolvimento. Para contatar a equipe do site entre em contato.\"}]}<\/script>\n<!-- \/ Yoast SEO plugin. -->","_links":{"self":[{"href":"https:\/\/alimentacplp.com\/home\/wp-json\/wp\/v2\/posts\/2668"}],"collection":[{"href":"https:\/\/alimentacplp.com\/home\/wp-json\/wp\/v2\/posts"}],"about":[{"href":"https:\/\/alimentacplp.com\/home\/wp-json\/wp\/v2\/types\/post"}],"author":[{"embeddable":true,"href":"https:\/\/alimentacplp.com\/home\/wp-json\/wp\/v2\/users\/2"}],"replies":[{"embeddable":true,"href":"https:\/\/alimentacplp.com\/home\/wp-json\/wp\/v2\/comments?post=2668"}],"version-history":[{"count":4,"href":"https:\/\/alimentacplp.com\/home\/wp-json\/wp\/v2\/posts\/2668\/revisions"}],"predecessor-version":[{"id":3125,"href":"https:\/\/alimentacplp.com\/home\/wp-json\/wp\/v2\/posts\/2668\/revisions\/3125"}],"wp:featuredmedia":[{"embeddable":true,"href":"https:\/\/alimentacplp.com\/home\/wp-json\/wp\/v2\/media\/2416"}],"wp:attachment":[{"href":"https:\/\/alimentacplp.com\/home\/wp-json\/wp\/v2\/media?parent=2668"}],"wp:term":[{"taxonomy":"category","embeddable":true,"href":"https:\/\/alimentacplp.com\/home\/wp-json\/wp\/v2\/categories?post=2668"},{"taxonomy":"post_tag","embeddable":true,"href":"https:\/\/alimentacplp.com\/home\/wp-json\/wp\/v2\/tags?post=2668"}],"curies":[{"name":"wp","href":"https:\/\/api.w.org\/{rel}","templated":true}]}}