{"id":3182,"date":"2020-05-11T09:05:25","date_gmt":"2020-05-11T08:05:25","guid":{"rendered":"https:\/\/alimentacplp.com\/?p=3182"},"modified":"2020-05-28T18:43:07","modified_gmt":"2020-05-28T17:43:07","slug":"declaracao-sobre-seguranca-alimentar-e-nutricao-durante-a-pandemia-da-covid-19","status":"publish","type":"post","link":"https:\/\/alimentacplp.com\/home\/2020\/05\/11\/declaracao-sobre-seguranca-alimentar-e-nutricao-durante-a-pandemia-da-covid-19\/","title":{"rendered":"Declara\u00e7\u00e3o sobre Seguran\u00e7a Alimentar e Nutri\u00e7\u00e3o durante a pandemia da Covid-19"},"content":{"rendered":"<div class=\"articleText\">\n<p style=\"text-align: center;\">REUNI\u00c3O DE MINISTROS DA AGRICULTURA AFRICANOS<br \/>\nDECLARA\u00c7\u00c3O SOBRE SEGURAN\u00c7A ALIMENTAR E NUTRI\u00c7\u00c3O DURANTE A PANDEMIA DA COVID-19<br \/>\n16 de abril de 2020<br \/>\nFINAL<\/p>\n<p style=\"text-align: left;\">N\u00d3S, Ministros da Agricultura dos Estados Membros da Uni\u00e3o Africana, em reuni\u00e3o virtual em 16 de abril de 2020, com o apoio do Departamento de Economia Rural e Agricultura da Comiss\u00e3o da Uni\u00e3o Africana (CUA) e da Organiza\u00e7\u00e3o das Na\u00e7\u00f5es Unidas para a Alimenta\u00e7\u00e3o e Agricultura (FAO):<\/p>\n<p style=\"text-align: left;\">PROFUNDAMENTE PREOCUPADOS que a pandemia do COVID-19 represente desafios maiores \u00e0 j\u00e1 dif\u00edcil situa\u00e7\u00e3o da sa\u00fade, seguran\u00e7a alimentar e nutricional e \u00e0s condi\u00e7\u00f5es socioecon\u00f4micas em geral da \u00c1frica. O crescente impacto direto da pandemia afeta a sa\u00fade, em termos de morbidade e mortalidade, sobrecarrega rapidamente os servi\u00e7os de sa\u00fade, com repercuss\u00f5es negativas para os problemas de sa\u00fade n\u00e3o relacionados \u00e0 COVID-19. O decl\u00ednio na demanda e produ\u00e7\u00e3o dos pa\u00edses mais desenvolvidos economicamente, onde foram atingidos duramente durante o cont\u00e1gio inicial, est\u00e1 a provocar uma recess\u00e3o global, com repercuss\u00f5es diretas na \u00c1frica. Com a dissemina\u00e7\u00e3o do v\u00edrus no continente, medidas de conten\u00e7\u00e3o, incluindo distanciamento social e bloqueios, fechamento de escolas, proibi\u00e7\u00e3o de reuni\u00f5es p\u00fablicas e fechamento de neg\u00f3cios e atividades econ\u00f4micas n\u00e3o essenciais, ter\u00e3o consequ\u00eancias de longo alcance.<\/p>\n<\/div>\n<p>OBSERVAMOS que, \u00e0 medida que a pandemia do COVID-19 atinge um n\u00famero crescente de comunidades em toda a \u00c1frica, os esfor\u00e7os dos governos para conter a dissemina\u00e7\u00e3o do v\u00edrus precisam ser acompanhados de medidas para minimizar as interrup\u00e7\u00f5es nos sistemas agr\u00edcolas e de alimentos e de apoio aos meios de subsist\u00eancia e a seguran\u00e7a alimentar dos mais vulner\u00e1veis. At\u00e9 o momento, a crise emergente \u00e9 vista principalmente atrav\u00e9s da \u00f3tica da sa\u00fade p\u00fablica (como deveria), mas as estrat\u00e9gias, for\u00e7as-tarefa e fundos nacionais lentamente concentram a aten\u00e7\u00e3o nos impactos econ\u00f4micos e sobre a seguran\u00e7a alimentar e nutricional. H\u00e1 sinais de interrup\u00e7\u00f5es aparecendo nos elos a montante e a jusante das cadeias alimentares e agr\u00edcolas nos pa\u00edses que implementaram as medidas de sa\u00fade para retardar a propaga\u00e7\u00e3o do v\u00edrus.<\/p>\n<p>OBSERVANDO TAMB\u00c9M que a pandemia de COVID-19 pode causar um choque significativo de oferta na regi\u00e3o. Com os sistemas alimentares e agr\u00edcolas bastante intensivos em m\u00e3o-de-obra na maioria dos pa\u00edses africanos, a escassez de trabalhadores devido a restri\u00e7\u00f5es \u00e0 mobilidade de pessoas e m\u00e3o-de-obra pode comprometer o fornecimento de insumos nas atividades a montante, agr\u00edcolas e comerciais, al\u00e9m do processamento e transporte a jusante. Essa quest\u00e3o pode afetar todos os alimentos, mas especialmente os produtos perec\u00edveis, vegetais, frutas e horticultura, al\u00e9m de carnes e latic\u00ednios.<\/p>\n<p>OBSERVANDO que a depend\u00eancia em importa\u00e7\u00f5es extrarregionais de alimentos, em especial para as \u00e1reas urbanas, torna os pa\u00edses africanos mais vulner\u00e1veis a interrup\u00e7\u00f5es na log\u00edstica e distribui\u00e7\u00e3o internacionais, al\u00e9m de problemas de produ\u00e7\u00e3o em outros pa\u00edses. Esse fato pode causar escassez e aumentos nos pre\u00e7os dos alimentos, particularmente em pa\u00edses muito dependentes da importa\u00e7\u00e3o de alimentos, como \u00e9 o caso de muitos pa\u00edses de baixa renda e sem litoral, e nos pequenos Estados Insulares em Desenvolvimento. Esses fatores, combinados com as perdas de rendimentos dos consumidores, poupan\u00e7as m\u00ednimas e acesso limitado a redes de seguran\u00e7a social p\u00fablica, significam que a COVID-19 tamb\u00e9m cria riscos significativos no lado da demanda, principalmente para as popula\u00e7\u00f5es, carentes e vulner\u00e1veis. Os compradores l\u00edquidos de g\u00e9neros aliment\u00edcios em \u00e1reas rurais, mas, especialmente, nas \u00e1reas urbanas correm grave risco.<\/p>\n<p>PREOCUPADOS com o fato de que esses impactos exacerbam ainda mais uma situa\u00e7\u00e3o de taxas j\u00e1 elevadas de fome, desnutri\u00e7\u00e3o e pobreza devido aos desafios que afetam as \u00e1reas rurais, incluindo o surto de gafanhotos no deserto, impactos da lagarta-do-cartucho-do-milho, secas, conflitos e inseguran\u00e7a. A rutura dos padr\u00f5es tradicionais de transum\u00e2ncia e a cria\u00e7\u00e3o de novos padr\u00f5es levam a tens\u00f5es, agita\u00e7\u00e3o social, deslocamento local, aumento dos n\u00edveis de pobreza e inseguran\u00e7a alimentar e nutricional.<\/p>\n<p>CIENTES que a pandemia da COVID-19 exacerbou tamb\u00e9m outra grave crise de um surto de gafanhotos do deserto que representa uma amea\u00e7a sem precedentes \u00e0 seguran\u00e7a alimentar e aos meios de subsist\u00eancia. Enquanto muitos na \u00c1frica implementam as medidas preventivas contra a COVID-19 de distanciamento social, ficam em casa de quarentena ou em situa\u00e7\u00e3o de bloqueio, centenas de bilh\u00f5es de gafanhotos do deserto destroem os cultivos no campo. A combina\u00e7\u00e3o da praga de gafanhotos com a COVID-19 pode acabar com qualquer esperan\u00e7a de seguran\u00e7a alimentar, al\u00e9m de colocar popula\u00e7\u00f5es inteiras sob risco de vida, especialmente na \u00c1frica Oriental, de fome prolongada e morte, se a\u00e7\u00f5es urgentes n\u00e3o forem adotas para lidar com a situa\u00e7\u00e3o.<\/p>\n<p>EXORTA os governos a priorizar as fun\u00e7\u00f5es dos sistemas alimentares e agr\u00edcolas como servi\u00e7o essencial que deve continuar a operar durante os per\u00edodos de bloqueio, emerg\u00eancia, toque de recolher e outras medidas de conten\u00e7\u00e3o da sa\u00fade p\u00fablica. As interven\u00e7\u00f5es na agricultura e na comercializa\u00e7\u00e3o de alimentos devem estar cientes de que todos os tipos de sistemas alimentares &#8211; modernos, tradicionais (mercados abertos, pequenas lojas) ou informais (vendedores ambulantes) &#8211; desempenham pap\u00e9is cr\u00edticos no atendimento a diferentes mercados e no sustento de partes importantes da popula\u00e7\u00e3o, o que ajuda a manter um sistema alimentar resiliente, essencial para minimizar o impacto da pandemia da COVID-19 nas pessoas, na sociedade e na economia.<\/p>\n<p>SOLICITAMOS \u00e0s ag\u00eancias da ONU, bancos de desenvolvimento multilaterais, pa\u00edses doadores e outros parceiros que considerem urgente a emerg\u00eancia e intensifiquem a ajuda financeira e outros recursos para ajudar os pa\u00edses sem os recursos necess\u00e1rios a enfrentarem a crise. Essa ajuda \u00e9 para fortalecer os sistemas de sa\u00fade desses pa\u00edses, aumentar a resili\u00eancia de seus sistemas alimentares para prevenir que uma crise de seguran\u00e7a alimentar se transforme em um s\u00e9rio desastre humanit\u00e1rio.<\/p>\n<p>APRECIAMOS o fato que, apesar desses desafios, a regi\u00e3o tamb\u00e9m fez importantes progressos em termos de prioriza\u00e7\u00e3o da prote\u00e7\u00e3o social como um componente central das estrat\u00e9gias de redu\u00e7\u00e3o da pobreza e desenvolvimento rural, inclusive no contexto da Declara\u00e7\u00e3o de Malabo da CAADP. Este \u00e9 um momento cr\u00edtico para ampliar esses esfor\u00e7os.<\/p>\n<p>RECONHECEMOS que a pandemia do COVID-19 atinge a \u00c1frica num momento em que prevalecem v\u00e1rios conflitos de longa dura\u00e7\u00e3o, o n\u00famero de pessoas deslocadas nunca esteve t\u00e3o mais alto (mais de 20 milh\u00f5es), o n\u00famero de pessoas subnutridas no continente como um todo, est\u00e1 a aumentar e numa \u00e9poca em que um n\u00famero significativo dos nossos filhos t\u00eam desnutri\u00e7\u00e3o e 20% de nossos concidad\u00e3os sofrem de fome cr\u00f4nica e alguns de inseguran\u00e7a alimentar aguda.<\/p>\n<p>CONSCIENTES de que a situa\u00e7\u00e3o predominante de inseguran\u00e7a alimentar e desnutri\u00e7\u00e3o pode agravar a situa\u00e7\u00e3o da sa\u00fade das popula\u00e7\u00f5es afetadas com a COVID-19.<\/p>\n<p>APRECIAMOS o fato de que o desenvolvimento sustent\u00e1vel dos sistemas agr\u00edcolas e alimentares na \u00c1frica tem dividendos diretos em conter as atuais influ\u00eancias negativas sobre a sa\u00fade p\u00fablica, desemprego juvenil, educa\u00e7\u00e3o, desenvolvimento econ\u00f4mico e social, ao estresse resultante da migra\u00e7\u00e3o e tend\u00eancias ao envolvimento em atividades ilegais e socialmente perturbadoras.<\/p>\n<p>COMPROMETEMO-NOS A:<br \/>\ni) Garantir a implementa\u00e7\u00e3o de medidas para apoiar a seguran\u00e7a alimentar e a nutri\u00e7\u00e3o de todos, mas especialmente do segmento mais vulner\u00e1vel de nossas popula\u00e7\u00f5es, e medidas para conter a dissemina\u00e7\u00e3o da pandemia da COVID-19 e minimizar simultaneamente as interrup\u00e7\u00f5es no sistema alimentar;<br \/>\nii) Criar e fornecer redes de seguran\u00e7a social adequadas, incluindo renda, alimentos e outras medidas relevantes de prote\u00e7\u00e3o social para apoiar todos os grupos vulner\u00e1veis da popula\u00e7\u00e3o;<br \/>\niii) Garantir que os atores e as opera\u00e7\u00f5es agr\u00edcolas em todos os n\u00edveis, particularmente as colheitas, n\u00e3o sejam severamente afetadas pelas consequ\u00eancias n\u00e3o intencionais das medidas de conten\u00e7\u00e3o e restri\u00e7\u00f5es ao movimento, mas manter ao mesmo tempo um ambiente de trabalho com seguran\u00e7a para os produtores, comerciantes e trabalhadores;<br \/>\niv) Garantir que, \u00e0 medida que a pandemia se desenvolva, as atividades dos sistemas agr\u00edcolas e alimentares sejam cuidadosamente monitoradas e avaliadas, e todos os atores envolvidos recebam informa\u00e7\u00f5es em tempo h\u00e1bil e de forma transparente, para que bem assessorados possam prosseguir com suas opera\u00e7\u00f5es;<br \/>\nv) Garantir que os agricultores tenham acesso oportuno a equipamentos e insumos de qualidade, incluindo sementes e material de plantio nesta temporada;<br \/>\nvi) Garantir que pecuaristas, incluindo os da pastor\u00edcia e aquicultores tenham acesso aos insumos correspondentes, como ra\u00e7\u00e3o para animais, acesso a pastos, bem como insumos de qualidade para a aquicultura para dar apoio ao setor.<br \/>\nvii) Implementar medidas que reduzam as perdas p\u00f3s-colheita de alimentos e, assim, haja mais alimentos dispon\u00edveis nos mercados;<br \/>\nviii) Abordar ao mesmo tempo, no papel de governos em conjunto com nossos parceiros, o \u00f4nus duplo da COVID-19 e os gafanhotos do deserto, que em conjunto, representam um desafio de grave magnitude que precisa ser central na pauta de trabalho urgente para a \u00c1frica.<br \/>\nix) Trabalhar com l\u00edderes locais para garantir que os mercados agr\u00edcolas e aliment\u00edcios a jusante e a montante, al\u00e9m do setor informal de alimentos, permane\u00e7am abertos e operem adequadamente, cumprindo as diretrizes de sa\u00fade e seguran\u00e7a;<br \/>\nx) Trabalhar com atacadistas dos sistemas agr\u00edcola e alimentar e transportadores, al\u00e9m de funcion\u00e1rios p\u00fablicos de outros setores e dos governos locais para resolver obstru\u00e7\u00f5es que afetem a comercializa\u00e7\u00e3o e a movimenta\u00e7\u00e3o segura, al\u00e9m do transporte de pessoas, bens e servi\u00e7os essenciais no sistema.<br \/>\nxi) Manter as fronteiras nacionais abertas ao com\u00e9rcio de insumos, alimentos e agricultura, para n\u00e3o interromper o com\u00e9rcio regional e inter-regional de produtos, insumos agr\u00edcolas e produtos aliment\u00edcios;<br \/>\nxii) Assegurar reservas estrat\u00e9gicas emergenciais adequadas de alimentos, al\u00e9m de instala\u00e7\u00f5es de armazenamento, inclusive por meio de parcerias p\u00fablico-privadas, quando apropriadas, vi\u00e1veis e diretamente vinculadas aos programas de prote\u00e7\u00e3o social;<br \/>\nxiii) Garantir o papel da lideran\u00e7a nacional no avan\u00e7o da pauta da seguran\u00e7a alimentar e nutri\u00e7\u00e3o para alcan\u00e7ar resultados concretos, implementar pol\u00edticas e estrat\u00e9gias pragm\u00e1ticas, mobilizar e alocar os recursos adequados e aumentar as capacidades institucionais para a implementa\u00e7\u00e3o acelerada de sistemas agr\u00edcolas e alimentares sustent\u00e1veis, de maneira integrada e coordenada, mesmo durante a pandemia da COVID-19.<br \/>\nxiv) Redobrar nossos esfor\u00e7os e a\u00e7\u00f5es conjuntas, em coopera\u00e7\u00e3o com todas as partes interessadas, para garantir a seguran\u00e7a alimentar e a nutri\u00e7\u00e3o a todos os cidad\u00e3os, durante e depois da pandemia da COVID-19 para permitir que a \u00c1frica cumpra o compromisso de acabar com a fome at\u00e9 2025.<\/p>\n<p>&nbsp;<\/p>\n<hr \/>\n<pre> Declara\u00e7\u00e3o sobre Seguran\u00e7a Alimentar e Nutri\u00e7\u00e3o durante a pandemia da Covid-19 [<a href=\"https:\/\/alimentacplp.com\/wp-content\/uploads\/2020\/05\/Reuni\u00e3o-Ministros-da-Agricultura-dos-Estados-Membros-da-Uni\u00e3o-Africana.pdf\">link<\/a>]<\/pre>\n","protected":false},"excerpt":{"rendered":"<p>N\u00d3S, Ministros da Agricultura dos Estados Membros da Uni\u00e3o Africana, em reuni\u00e3o virtual em 16 de abril de 2020, [&#8230;]<\/p>\n","protected":false},"author":2,"featured_media":2416,"comment_status":"open","ping_status":"open","sticky":false,"template":"","format":"standard","meta":[],"categories":[1],"tags":[],"yoast_head":"<!-- This site is optimized with the Yoast SEO plugin v15.2.1 - https:\/\/yoast.com\/wordpress\/plugins\/seo\/ -->\n<title>Impacto do coronav\u00edrus no estados-membros da UA: Cabo Verde<\/title>\n<meta name=\"description\" content=\"Impacto do coronav\u00edrus no estados-membros da UA: Cabo Verde \u00e9 dos pa\u00edses mais impactados pela pandemia do novo coronav\u00edrus. Saiba mais.\" \/>\n<meta name=\"robots\" content=\"index, follow, max-snippet:-1, max-image-preview:large, max-video-preview:-1\" \/>\n<link rel=\"canonical\" href=\"https:\/\/alimentacplp.com\/home\/2020\/05\/11\/declaracao-sobre-seguranca-alimentar-e-nutricao-durante-a-pandemia-da-covid-19\/\" \/>\n<meta property=\"og:locale\" content=\"pt_BR\" \/>\n<meta property=\"og:type\" content=\"article\" \/>\n<meta property=\"og:title\" content=\"Impacto do coronav\u00edrus no estados-membros da UA: Cabo Verde\" \/>\n<meta property=\"og:description\" content=\"Impacto do coronav\u00edrus no estados-membros da UA: Cabo Verde \u00e9 dos pa\u00edses mais impactados pela pandemia do novo coronav\u00edrus. Saiba mais.\" \/>\n<meta property=\"og:url\" content=\"https:\/\/alimentacplp.com\/home\/2020\/05\/11\/declaracao-sobre-seguranca-alimentar-e-nutricao-durante-a-pandemia-da-covid-19\/\" \/>\n<meta property=\"og:site_name\" content=\"Alimenta CPLP!\" \/>\n<meta property=\"article:publisher\" content=\"https:\/\/www.facebook.com\/Alimenta-CPLP-114985186857112\/\" \/>\n<meta property=\"article:published_time\" content=\"2020-05-11T08:05:25+00:00\" \/>\n<meta property=\"article:modified_time\" content=\"2020-05-28T17:43:07+00:00\" \/>\n<meta property=\"og:image\" content=\"https:\/\/alimentacplp.com\/wp-content\/uploads\/2020\/04\/Footer_bg_01.jpg\" \/>\n\t<meta property=\"og:image:width\" content=\"2304\" \/>\n\t<meta property=\"og:image:height\" content=\"1296\" \/>\n<meta name=\"twitter:card\" content=\"summary_large_image\" \/>\n<meta name=\"twitter:label1\" content=\"Written by\">\n\t<meta name=\"twitter:data1\" content=\"Alimenta CPLP\">\n\t<meta name=\"twitter:label2\" content=\"Est. reading time\">\n\t<meta name=\"twitter:data2\" content=\"8 minutos\">\n<script type=\"application\/ld+json\" class=\"yoast-schema-graph\">{\"@context\":\"https:\/\/schema.org\",\"@graph\":[{\"@type\":\"WebSite\",\"@id\":\"https:\/\/alimentacplp.com\/home\/#website\",\"url\":\"https:\/\/alimentacplp.com\/home\/\",\"name\":\"Alimenta CPLP!\",\"description\":\"Observat\\u00f3rio COVID-19 CPLP\",\"potentialAction\":[{\"@type\":\"SearchAction\",\"target\":\"https:\/\/alimentacplp.com\/home\/?s={search_term_string}\",\"query-input\":\"required name=search_term_string\"}],\"inLanguage\":\"pt-BR\"},{\"@type\":\"ImageObject\",\"@id\":\"https:\/\/alimentacplp.com\/home\/2020\/05\/11\/declaracao-sobre-seguranca-alimentar-e-nutricao-durante-a-pandemia-da-covid-19\/#primaryimage\",\"inLanguage\":\"pt-BR\",\"url\":\"https:\/\/alimentacplp.com\/wp-content\/uploads\/2020\/04\/Footer_bg_01.jpg\",\"width\":2304,\"height\":1296,\"caption\":\"Alimenta\\u00e7\\u00e3o CPLP! | Impacto do Covid-19 na alimenta\\u00e7\\u00e3o nos pa\\u00edses da CPLP | Alimenta\\u00e7\\u00e3o familiar | Agricultura sustent\\u00e1vel | COVID-19 Medidas dos Paises\/Cidades da UCCLA\"},{\"@type\":\"WebPage\",\"@id\":\"https:\/\/alimentacplp.com\/home\/2020\/05\/11\/declaracao-sobre-seguranca-alimentar-e-nutricao-durante-a-pandemia-da-covid-19\/#webpage\",\"url\":\"https:\/\/alimentacplp.com\/home\/2020\/05\/11\/declaracao-sobre-seguranca-alimentar-e-nutricao-durante-a-pandemia-da-covid-19\/\",\"name\":\"Impacto do coronav\\u00edrus no estados-membros da UA: Cabo Verde\",\"isPartOf\":{\"@id\":\"https:\/\/alimentacplp.com\/home\/#website\"},\"primaryImageOfPage\":{\"@id\":\"https:\/\/alimentacplp.com\/home\/2020\/05\/11\/declaracao-sobre-seguranca-alimentar-e-nutricao-durante-a-pandemia-da-covid-19\/#primaryimage\"},\"datePublished\":\"2020-05-11T08:05:25+00:00\",\"dateModified\":\"2020-05-28T17:43:07+00:00\",\"author\":{\"@id\":\"https:\/\/alimentacplp.com\/home\/#\/schema\/person\/c6d7e6e0e6225ea6326dc847d0bb1b34\"},\"description\":\"Impacto do coronav\\u00edrus no estados-membros da UA: Cabo Verde \\u00e9 dos pa\\u00edses mais impactados pela pandemia do novo coronav\\u00edrus. Saiba mais.\",\"inLanguage\":\"pt-BR\",\"potentialAction\":[{\"@type\":\"ReadAction\",\"target\":[\"https:\/\/alimentacplp.com\/home\/2020\/05\/11\/declaracao-sobre-seguranca-alimentar-e-nutricao-durante-a-pandemia-da-covid-19\/\"]}]},{\"@type\":\"Person\",\"@id\":\"https:\/\/alimentacplp.com\/home\/#\/schema\/person\/c6d7e6e0e6225ea6326dc847d0bb1b34\",\"name\":\"Alimenta CPLP\",\"image\":{\"@type\":\"ImageObject\",\"@id\":\"https:\/\/alimentacplp.com\/home\/#personlogo\",\"inLanguage\":\"pt-BR\",\"url\":\"https:\/\/secure.gravatar.com\/avatar\/6ea32ca320819dda6d6f2d89f3d50639?s=96&d=mm&r=g\",\"caption\":\"Alimenta CPLP\"},\"description\":\"Esta plataforma est\\u00e1 aberta a todas as organiza\\u00e7\\u00f5es da sociedade civil, academia, setor privado e governos dos Estados \\u2013 Membro da Comunidade de Pa\\u00edses de L\\u00edngua Portuguesa e \\u00e9 facilitada tecnicamente pela ACTUAR \\u2013 Associa\\u00e7\\u00e3o para a Coopera\\u00e7\\u00e3o e Desenvolvimento. Para contatar a equipe do site entre em contato.\"}]}<\/script>\n<!-- \/ Yoast SEO plugin. -->","_links":{"self":[{"href":"https:\/\/alimentacplp.com\/home\/wp-json\/wp\/v2\/posts\/3182"}],"collection":[{"href":"https:\/\/alimentacplp.com\/home\/wp-json\/wp\/v2\/posts"}],"about":[{"href":"https:\/\/alimentacplp.com\/home\/wp-json\/wp\/v2\/types\/post"}],"author":[{"embeddable":true,"href":"https:\/\/alimentacplp.com\/home\/wp-json\/wp\/v2\/users\/2"}],"replies":[{"embeddable":true,"href":"https:\/\/alimentacplp.com\/home\/wp-json\/wp\/v2\/comments?post=3182"}],"version-history":[{"count":3,"href":"https:\/\/alimentacplp.com\/home\/wp-json\/wp\/v2\/posts\/3182\/revisions"}],"predecessor-version":[{"id":3185,"href":"https:\/\/alimentacplp.com\/home\/wp-json\/wp\/v2\/posts\/3182\/revisions\/3185"}],"wp:featuredmedia":[{"embeddable":true,"href":"https:\/\/alimentacplp.com\/home\/wp-json\/wp\/v2\/media\/2416"}],"wp:attachment":[{"href":"https:\/\/alimentacplp.com\/home\/wp-json\/wp\/v2\/media?parent=3182"}],"wp:term":[{"taxonomy":"category","embeddable":true,"href":"https:\/\/alimentacplp.com\/home\/wp-json\/wp\/v2\/categories?post=3182"},{"taxonomy":"post_tag","embeddable":true,"href":"https:\/\/alimentacplp.com\/home\/wp-json\/wp\/v2\/tags?post=3182"}],"curies":[{"name":"wp","href":"https:\/\/api.w.org\/{rel}","templated":true}]}}