{"id":330,"date":"2020-05-11T19:05:25","date_gmt":"2020-05-11T18:05:25","guid":{"rendered":"http:\/\/alimentacplp.com\/?p=330"},"modified":"2020-05-27T09:33:37","modified_gmt":"2020-05-27T08:33:37","slug":"direito-a-alimentacao-no-contexto-da-covid-19-no-brasil","status":"publish","type":"post","link":"https:\/\/alimentacplp.com\/home\/2020\/05\/11\/direito-a-alimentacao-no-contexto-da-covid-19-no-brasil\/","title":{"rendered":"F\u00f3rum Brasileiro de Soberania e Seguran\u00e7a Alimentar e Nutricional"},"content":{"rendered":"<div class=\"fusion-fullwidth fullwidth-box fusion-builder-row-1 nonhundred-percent-fullwidth non-hundred-percent-height-scrolling\" style=\"background-color: #ffffff;background-position: center center;background-repeat: no-repeat;padding-top:4%;padding-right:10%;padding-bottom:4%;padding-left:10%;margin-bottom: 0px;margin-top: 0px;border-width: 0px 0px 0px 0px;border-color:#eae9e9;border-style:solid;\" ><div class=\"fusion-builder-row fusion-row\"><div class=\"fusion-layout-column fusion_builder_column fusion-builder-column-0 fusion_builder_column_1_1 1_1 fusion-one-full fusion-column-first fusion-column-last fusion-animated\" style=\"margin-top:0px;margin-bottom:20px;\" data-animationType=\"fadeInDown\" data-animationDuration=\"0.7\" data-animationOffset=\"100%\"><div class=\"fusion-column-wrapper fusion-flex-column-wrapper-legacy\" style=\"background-position:left top;background-repeat:no-repeat;-webkit-background-size:cover;-moz-background-size:cover;-o-background-size:cover;background-size:cover;background-color:#ffffff;padding: 0px 0px 0px 0px;\"><div class=\"fusion-text fusion-text-1\"><p style=\"color: #000000; font-size: 28px;\" data-fusion-font=\"true\">F\u00f3rum Brasileiro de Soberania e Seguran\u00e7a Alimentar e Nutricional (FBSSAN)<\/p>\n<\/div><div class=\"fusion-sep-clear\"><\/div><div class=\"fusion-separator fusion-full-width-sep\" style=\"margin-left: auto;margin-right: auto;margin-top:1%;margin-bottom:5%;width:100%;\"><div class=\"fusion-separator-border sep-single sep-dashed\" style=\"border-color:#c6c4c4;border-top-width:1px;\"><\/div><\/div><div class=\"fusion-sep-clear\"><\/div><div class=\"fusion-text fusion-text-2\"><p>Voc\u00ea sabia que, al\u00e9m da renda b\u00e1sica emergencial, o Congresso Nacional aprovou o Projeto de Lei 786\/2020, que autoriza estados e munic\u00edpios a *distribuir imediatamente os alimentos do Programa Nacional de Alimenta\u00e7\u00e3o Escolar (PNAE) \u00e0s fam\u00edlias dos estudantes* da rede p\u00fablica?<br \/>\nS\u00f3 falta o presidente da Rep\u00fablica sancionar.<\/p>\n<p>Repasse estas informa\u00e7\u00f5es para seus contatos, poste coment\u00e1rios nas redes sociais e *exija que o governo fa\u00e7a esse apoio chegar o quanto antes a quem precisa*.<br \/>\nPara saber mais sobre esta e outras propostas emergenciais de combate \u00e0 fome em tempos de coronav\u00edrus, apoiadas por mais de 150 organiza\u00e7\u00f5es e movimentos sociais, acesse:<\/p>\n<p><a href=\"https:\/\/fbssan.org.br\/2020\/03\/entidades-propoem-medidas-para-garantir-o-direito-a-alimentacao-e-combater-a-fome-em-tempos-de-coronavirus\/\" target=\"_blank\" rel=\"noopener noreferrer\">https:\/\/fbssan.org.br\/2020\/03\/entidades-propoem-medidas-para-garantir-o-direito-a-alimentacao-e-combater-a-fome-em-tempos-de-coronavirus\/<\/a><\/p>\n<\/div><div class=\"fusion-clearfix\"><\/div><\/div><\/div><\/div><\/div>\n","protected":false},"excerpt":{"rendered":"<p>Voc\u00ea sabia que, al\u00e9m da renda b\u00e1sica emergencial, o Congresso Nacional aprovou o Projeto de Lei 786\/2020, que autoriza estados e munic\u00edpios a *distribuir imediatamente&#8230;<\/p>\n","protected":false},"author":2,"featured_media":2416,"comment_status":"open","ping_status":"open","sticky":false,"template":"","format":"standard","meta":[],"categories":[19,53],"tags":[],"yoast_head":"<!-- This site is optimized with the Yoast SEO plugin v15.2.1 - https:\/\/yoast.com\/wordpress\/plugins\/seo\/ -->\n<title>Direito \u00e0 alimenta\u00e7\u00e3o no contexto da Covid-19 no Brasil<\/title>\n<meta name=\"description\" content=\"Saiba quais s\u00e3o as recomenda\u00e7\u00f5es sobre o direito \u00e0 alimenta\u00e7\u00e3o no contexto da Covid-19 no Brasil, neste apelo assinado por 140 entidades civis.\" \/>\n<meta name=\"robots\" content=\"index, follow, max-snippet:-1, max-image-preview:large, max-video-preview:-1\" \/>\n<link rel=\"canonical\" href=\"https:\/\/alimentacplp.com\/home\/2020\/05\/11\/direito-a-alimentacao-no-contexto-da-covid-19-no-brasil\/\" \/>\n<meta property=\"og:locale\" content=\"pt_BR\" \/>\n<meta property=\"og:type\" content=\"article\" \/>\n<meta property=\"og:title\" content=\"Direito \u00e0 alimenta\u00e7\u00e3o no contexto da Covid-19 no Brasil\" \/>\n<meta property=\"og:description\" content=\"Saiba quais s\u00e3o as recomenda\u00e7\u00f5es sobre o direito \u00e0 alimenta\u00e7\u00e3o no contexto da Covid-19 no Brasil, neste apelo assinado por 140 entidades civis.\" \/>\n<meta property=\"og:url\" content=\"https:\/\/alimentacplp.com\/home\/2020\/05\/11\/direito-a-alimentacao-no-contexto-da-covid-19-no-brasil\/\" \/>\n<meta property=\"og:site_name\" content=\"Alimenta CPLP!\" \/>\n<meta property=\"article:publisher\" content=\"https:\/\/www.facebook.com\/Alimenta-CPLP-114985186857112\/\" \/>\n<meta property=\"article:published_time\" content=\"2020-05-11T18:05:25+00:00\" \/>\n<meta property=\"article:modified_time\" content=\"2020-05-27T08:33:37+00:00\" \/>\n<meta property=\"og:image\" content=\"https:\/\/alimentacplp.com\/wp-content\/uploads\/2020\/04\/Footer_bg_01.jpg\" \/>\n\t<meta property=\"og:image:width\" content=\"2304\" \/>\n\t<meta property=\"og:image:height\" content=\"1296\" \/>\n<meta name=\"twitter:card\" content=\"summary_large_image\" \/>\n<meta name=\"twitter:label1\" content=\"Written by\">\n\t<meta name=\"twitter:data1\" content=\"Alimenta CPLP\">\n\t<meta name=\"twitter:label2\" content=\"Est. reading time\">\n\t<meta name=\"twitter:data2\" content=\"2 minutos\">\n<script type=\"application\/ld+json\" class=\"yoast-schema-graph\">{\"@context\":\"https:\/\/schema.org\",\"@graph\":[{\"@type\":\"WebSite\",\"@id\":\"https:\/\/alimentacplp.com\/home\/#website\",\"url\":\"https:\/\/alimentacplp.com\/home\/\",\"name\":\"Alimenta CPLP!\",\"description\":\"Observat\\u00f3rio COVID-19 CPLP\",\"potentialAction\":[{\"@type\":\"SearchAction\",\"target\":\"https:\/\/alimentacplp.com\/home\/?s={search_term_string}\",\"query-input\":\"required name=search_term_string\"}],\"inLanguage\":\"pt-BR\"},{\"@type\":\"ImageObject\",\"@id\":\"https:\/\/alimentacplp.com\/home\/2020\/05\/11\/direito-a-alimentacao-no-contexto-da-covid-19-no-brasil\/#primaryimage\",\"inLanguage\":\"pt-BR\",\"url\":\"https:\/\/alimentacplp.com\/wp-content\/uploads\/2020\/04\/Footer_bg_01.jpg\",\"width\":2304,\"height\":1296,\"caption\":\"Alimenta\\u00e7\\u00e3o CPLP! | Impacto do Covid-19 na alimenta\\u00e7\\u00e3o nos pa\\u00edses da CPLP | Alimenta\\u00e7\\u00e3o familiar | Agricultura sustent\\u00e1vel | COVID-19 Medidas dos Paises\/Cidades da UCCLA\"},{\"@type\":\"WebPage\",\"@id\":\"https:\/\/alimentacplp.com\/home\/2020\/05\/11\/direito-a-alimentacao-no-contexto-da-covid-19-no-brasil\/#webpage\",\"url\":\"https:\/\/alimentacplp.com\/home\/2020\/05\/11\/direito-a-alimentacao-no-contexto-da-covid-19-no-brasil\/\",\"name\":\"Direito \\u00e0 alimenta\\u00e7\\u00e3o no contexto da Covid-19 no Brasil\",\"isPartOf\":{\"@id\":\"https:\/\/alimentacplp.com\/home\/#website\"},\"primaryImageOfPage\":{\"@id\":\"https:\/\/alimentacplp.com\/home\/2020\/05\/11\/direito-a-alimentacao-no-contexto-da-covid-19-no-brasil\/#primaryimage\"},\"datePublished\":\"2020-05-11T18:05:25+00:00\",\"dateModified\":\"2020-05-27T08:33:37+00:00\",\"author\":{\"@id\":\"https:\/\/alimentacplp.com\/home\/#\/schema\/person\/c6d7e6e0e6225ea6326dc847d0bb1b34\"},\"description\":\"Saiba quais s\\u00e3o as recomenda\\u00e7\\u00f5es sobre o direito \\u00e0 alimenta\\u00e7\\u00e3o no contexto da Covid-19 no Brasil, neste apelo assinado por 140 entidades civis.\",\"inLanguage\":\"pt-BR\",\"potentialAction\":[{\"@type\":\"ReadAction\",\"target\":[\"https:\/\/alimentacplp.com\/home\/2020\/05\/11\/direito-a-alimentacao-no-contexto-da-covid-19-no-brasil\/\"]}]},{\"@type\":\"Person\",\"@id\":\"https:\/\/alimentacplp.com\/home\/#\/schema\/person\/c6d7e6e0e6225ea6326dc847d0bb1b34\",\"name\":\"Alimenta CPLP\",\"image\":{\"@type\":\"ImageObject\",\"@id\":\"https:\/\/alimentacplp.com\/home\/#personlogo\",\"inLanguage\":\"pt-BR\",\"url\":\"https:\/\/secure.gravatar.com\/avatar\/6ea32ca320819dda6d6f2d89f3d50639?s=96&d=mm&r=g\",\"caption\":\"Alimenta CPLP\"},\"description\":\"Esta plataforma est\\u00e1 aberta a todas as organiza\\u00e7\\u00f5es da sociedade civil, academia, setor privado e governos dos Estados \\u2013 Membro da Comunidade de Pa\\u00edses de L\\u00edngua Portuguesa e \\u00e9 facilitada tecnicamente pela ACTUAR \\u2013 Associa\\u00e7\\u00e3o para a Coopera\\u00e7\\u00e3o e Desenvolvimento. Para contatar a equipe do site entre em contato.\"}]}<\/script>\n<!-- \/ Yoast SEO plugin. -->","_links":{"self":[{"href":"https:\/\/alimentacplp.com\/home\/wp-json\/wp\/v2\/posts\/330"}],"collection":[{"href":"https:\/\/alimentacplp.com\/home\/wp-json\/wp\/v2\/posts"}],"about":[{"href":"https:\/\/alimentacplp.com\/home\/wp-json\/wp\/v2\/types\/post"}],"author":[{"embeddable":true,"href":"https:\/\/alimentacplp.com\/home\/wp-json\/wp\/v2\/users\/2"}],"replies":[{"embeddable":true,"href":"https:\/\/alimentacplp.com\/home\/wp-json\/wp\/v2\/comments?post=330"}],"version-history":[{"count":7,"href":"https:\/\/alimentacplp.com\/home\/wp-json\/wp\/v2\/posts\/330\/revisions"}],"predecessor-version":[{"id":3151,"href":"https:\/\/alimentacplp.com\/home\/wp-json\/wp\/v2\/posts\/330\/revisions\/3151"}],"wp:featuredmedia":[{"embeddable":true,"href":"https:\/\/alimentacplp.com\/home\/wp-json\/wp\/v2\/media\/2416"}],"wp:attachment":[{"href":"https:\/\/alimentacplp.com\/home\/wp-json\/wp\/v2\/media?parent=330"}],"wp:term":[{"taxonomy":"category","embeddable":true,"href":"https:\/\/alimentacplp.com\/home\/wp-json\/wp\/v2\/categories?post=330"},{"taxonomy":"post_tag","embeddable":true,"href":"https:\/\/alimentacplp.com\/home\/wp-json\/wp\/v2\/tags?post=330"}],"curies":[{"name":"wp","href":"https:\/\/api.w.org\/{rel}","templated":true}]}}