{"id":3300,"date":"2020-06-16T18:10:59","date_gmt":"2020-06-16T17:10:59","guid":{"rendered":"https:\/\/alimentacplp.com\/?p=3300"},"modified":"2020-06-16T22:41:35","modified_gmt":"2020-06-16T21:41:35","slug":"alerta-da-onu-partilha-de-informacao-crucial-para-evitar-uma-crise-alimentar-sem-precedentes","status":"publish","type":"post","link":"https:\/\/alimentacplp.com\/home\/2020\/06\/16\/alerta-da-onu-partilha-de-informacao-crucial-para-evitar-uma-crise-alimentar-sem-precedentes\/","title":{"rendered":"Alerta da ONU &#8211; Partilha de informa\u00e7\u00e3o crucial para evitar uma crise alimentar sem precedentes"},"content":{"rendered":"<p>No dia 09\/06 a ONU lan\u00e7ou um documento intitulado <em>&#8220;Policy Brief: The Impact of COVID-19 on Food Security and Nutrition&#8221;\u00a0<\/em>que alerta sobre os impactos e consequ\u00eancias desenfreadas que a crise econ\u00f3mica pode ter para a alimenta\u00e7\u00e3o. Impactos esses nunca antes sentidos pelas nossas gera\u00e7\u00f5es.<\/p>\n<p>&nbsp;<\/p>\n<p>O documento destaca tr\u00eas grandes a\u00e7\u00f5es de respostas \u00e0 pandemia e a crise alimentar, s\u00e3o estes:<\/p>\n<p>1 &#8211;\u00a0 Designar como atividade essencial os servi\u00e7os de\u00a0 alimenta\u00e7\u00e3o e nutri\u00e7\u00e3o;<\/p>\n<p>2 &#8211; Para os grupos de risco como mulheres, idosos e crian\u00e7as devem ser garantidos o acesso \u00e0 alimenta\u00e7\u00e3o;<\/p>\n<p>3 &#8211;\u00a0 Constru\u00e7\u00e3o de sistemas de alimenta\u00e7\u00e3o que sejam saud\u00e1veis, resilientes e sistemas de produ\u00e7\u00e3o que atendam \u00e0s necessidades de todos;<\/p>\n<p>&nbsp;<\/p>\n<p>O documento recomenda ainda, entre outras a\u00e7\u00f5es de curto prazo, o estabelecimento de plataformas de monitoramento e informa\u00e7\u00e3o que permitam a sua f\u00e1cil utiliza\u00e7\u00e3o em pol\u00edticas e parcerias para mitiga\u00e7\u00e3o dos impactos da COVID 19.<\/p>\n<p>&nbsp;<\/p>\n<p>Leia o documento na \u00edntegra <a href=\"https:\/\/www.un.org\/sites\/un2.un.org\/files\/sg_policy_brief_on_covid_impact_on_food_security.pdf\" target=\"_blank\" rel=\"noopener noreferrer\">aqui<\/a><\/p>\n","protected":false},"excerpt":{"rendered":"<p>No dia 09\/06 a ONU lan\u00e7ou um [&hellip;]<\/p>\n","protected":false},"author":2,"featured_media":3301,"comment_status":"closed","ping_status":"open","sticky":false,"template":"","format":"standard","meta":[],"categories":[36,54,1],"tags":[],"yoast_head":"<!-- This site is optimized with the Yoast SEO plugin v15.2.1 - https:\/\/yoast.com\/wordpress\/plugins\/seo\/ -->\n<title>Alerta da ONU - Partilha de informa\u00e7\u00e3o crucial para evitar uma crise alimentar sem precedentes | Alimenta CPLP!<\/title>\n<meta name=\"robots\" content=\"index, follow, max-snippet:-1, max-image-preview:large, max-video-preview:-1\" \/>\n<link rel=\"canonical\" href=\"https:\/\/alimentacplp.com\/home\/2020\/06\/16\/alerta-da-onu-partilha-de-informacao-crucial-para-evitar-uma-crise-alimentar-sem-precedentes\/\" \/>\n<meta property=\"og:locale\" content=\"pt_BR\" \/>\n<meta property=\"og:type\" content=\"article\" \/>\n<meta property=\"og:title\" content=\"Alerta da ONU - Partilha de informa\u00e7\u00e3o crucial para evitar uma crise alimentar sem precedentes | Alimenta CPLP!\" \/>\n<meta property=\"og:description\" content=\"No dia 09\/06 a ONU lan\u00e7ou um [&hellip;]\" \/>\n<meta property=\"og:url\" content=\"https:\/\/alimentacplp.com\/home\/2020\/06\/16\/alerta-da-onu-partilha-de-informacao-crucial-para-evitar-uma-crise-alimentar-sem-precedentes\/\" \/>\n<meta property=\"og:site_name\" content=\"Alimenta CPLP!\" \/>\n<meta property=\"article:publisher\" content=\"https:\/\/www.facebook.com\/Alimenta-CPLP-114985186857112\/\" \/>\n<meta property=\"article:published_time\" content=\"2020-06-16T17:10:59+00:00\" \/>\n<meta property=\"article:modified_time\" content=\"2020-06-16T21:41:35+00:00\" \/>\n<meta property=\"og:image\" content=\"https:\/\/alimentacplp.com\/wp-content\/uploads\/2020\/06\/a4124432c7766e9768587153178a6890.jpg\" \/>\n\t<meta property=\"og:image:width\" content=\"1200\" \/>\n\t<meta property=\"og:image:height\" content=\"721\" \/>\n<meta name=\"twitter:card\" content=\"summary_large_image\" \/>\n<meta name=\"twitter:label1\" content=\"Written by\">\n\t<meta name=\"twitter:data1\" content=\"Alimenta CPLP\">\n\t<meta name=\"twitter:label2\" content=\"Est. reading time\">\n\t<meta name=\"twitter:data2\" content=\"1 minuto\">\n<script type=\"application\/ld+json\" class=\"yoast-schema-graph\">{\"@context\":\"https:\/\/schema.org\",\"@graph\":[{\"@type\":\"WebSite\",\"@id\":\"https:\/\/alimentacplp.com\/home\/#website\",\"url\":\"https:\/\/alimentacplp.com\/home\/\",\"name\":\"Alimenta CPLP!\",\"description\":\"Observat\\u00f3rio COVID-19 CPLP\",\"potentialAction\":[{\"@type\":\"SearchAction\",\"target\":\"https:\/\/alimentacplp.com\/home\/?s={search_term_string}\",\"query-input\":\"required name=search_term_string\"}],\"inLanguage\":\"pt-BR\"},{\"@type\":\"ImageObject\",\"@id\":\"https:\/\/alimentacplp.com\/home\/2020\/06\/16\/alerta-da-onu-partilha-de-informacao-crucial-para-evitar-uma-crise-alimentar-sem-precedentes\/#primaryimage\",\"inLanguage\":\"pt-BR\",\"url\":\"https:\/\/alimentacplp.com\/wp-content\/uploads\/2020\/06\/a4124432c7766e9768587153178a6890.jpg\",\"width\":1200,\"height\":721},{\"@type\":\"WebPage\",\"@id\":\"https:\/\/alimentacplp.com\/home\/2020\/06\/16\/alerta-da-onu-partilha-de-informacao-crucial-para-evitar-uma-crise-alimentar-sem-precedentes\/#webpage\",\"url\":\"https:\/\/alimentacplp.com\/home\/2020\/06\/16\/alerta-da-onu-partilha-de-informacao-crucial-para-evitar-uma-crise-alimentar-sem-precedentes\/\",\"name\":\"Alerta da ONU - Partilha de informa\\u00e7\\u00e3o crucial para evitar uma crise alimentar sem precedentes | Alimenta CPLP!\",\"isPartOf\":{\"@id\":\"https:\/\/alimentacplp.com\/home\/#website\"},\"primaryImageOfPage\":{\"@id\":\"https:\/\/alimentacplp.com\/home\/2020\/06\/16\/alerta-da-onu-partilha-de-informacao-crucial-para-evitar-uma-crise-alimentar-sem-precedentes\/#primaryimage\"},\"datePublished\":\"2020-06-16T17:10:59+00:00\",\"dateModified\":\"2020-06-16T21:41:35+00:00\",\"author\":{\"@id\":\"https:\/\/alimentacplp.com\/home\/#\/schema\/person\/c6d7e6e0e6225ea6326dc847d0bb1b34\"},\"inLanguage\":\"pt-BR\",\"potentialAction\":[{\"@type\":\"ReadAction\",\"target\":[\"https:\/\/alimentacplp.com\/home\/2020\/06\/16\/alerta-da-onu-partilha-de-informacao-crucial-para-evitar-uma-crise-alimentar-sem-precedentes\/\"]}]},{\"@type\":\"Person\",\"@id\":\"https:\/\/alimentacplp.com\/home\/#\/schema\/person\/c6d7e6e0e6225ea6326dc847d0bb1b34\",\"name\":\"Alimenta CPLP\",\"image\":{\"@type\":\"ImageObject\",\"@id\":\"https:\/\/alimentacplp.com\/home\/#personlogo\",\"inLanguage\":\"pt-BR\",\"url\":\"https:\/\/secure.gravatar.com\/avatar\/6ea32ca320819dda6d6f2d89f3d50639?s=96&d=mm&r=g\",\"caption\":\"Alimenta CPLP\"},\"description\":\"Esta plataforma est\\u00e1 aberta a todas as organiza\\u00e7\\u00f5es da sociedade civil, academia, setor privado e governos dos Estados \\u2013 Membro da Comunidade de Pa\\u00edses de L\\u00edngua Portuguesa e \\u00e9 facilitada tecnicamente pela ACTUAR \\u2013 Associa\\u00e7\\u00e3o para a Coopera\\u00e7\\u00e3o e Desenvolvimento. Para contatar a equipe do site entre em contato.\"}]}<\/script>\n<!-- \/ Yoast SEO plugin. -->","_links":{"self":[{"href":"https:\/\/alimentacplp.com\/home\/wp-json\/wp\/v2\/posts\/3300"}],"collection":[{"href":"https:\/\/alimentacplp.com\/home\/wp-json\/wp\/v2\/posts"}],"about":[{"href":"https:\/\/alimentacplp.com\/home\/wp-json\/wp\/v2\/types\/post"}],"author":[{"embeddable":true,"href":"https:\/\/alimentacplp.com\/home\/wp-json\/wp\/v2\/users\/2"}],"replies":[{"embeddable":true,"href":"https:\/\/alimentacplp.com\/home\/wp-json\/wp\/v2\/comments?post=3300"}],"version-history":[{"count":1,"href":"https:\/\/alimentacplp.com\/home\/wp-json\/wp\/v2\/posts\/3300\/revisions"}],"predecessor-version":[{"id":3302,"href":"https:\/\/alimentacplp.com\/home\/wp-json\/wp\/v2\/posts\/3300\/revisions\/3302"}],"wp:featuredmedia":[{"embeddable":true,"href":"https:\/\/alimentacplp.com\/home\/wp-json\/wp\/v2\/media\/3301"}],"wp:attachment":[{"href":"https:\/\/alimentacplp.com\/home\/wp-json\/wp\/v2\/media?parent=3300"}],"wp:term":[{"taxonomy":"category","embeddable":true,"href":"https:\/\/alimentacplp.com\/home\/wp-json\/wp\/v2\/categories?post=3300"},{"taxonomy":"post_tag","embeddable":true,"href":"https:\/\/alimentacplp.com\/home\/wp-json\/wp\/v2\/tags?post=3300"}],"curies":[{"name":"wp","href":"https:\/\/api.w.org\/{rel}","templated":true}]}}