{"id":3431,"date":"2020-06-30T12:36:18","date_gmt":"2020-06-30T11:36:18","guid":{"rendered":"https:\/\/alimentacplp.com\/?p=3431"},"modified":"2020-07-08T11:14:27","modified_gmt":"2020-07-08T10:14:27","slug":"em-angola-campanha-para-prevenir-covid-19-quer-chegar-a-1-milhao-de-familias-rurais","status":"publish","type":"post","link":"https:\/\/alimentacplp.com\/home\/2020\/06\/30\/em-angola-campanha-para-prevenir-covid-19-quer-chegar-a-1-milhao-de-familias-rurais\/","title":{"rendered":"Em Angola, campanha para prevenir Covid-19 quer chegar a 1 milh\u00e3o de fam\u00edlias rurais"},"content":{"rendered":"<p>Parceria envolvendo o Minist\u00e9rio da Agricultura de Angola, Organiza\u00e7\u00e3o das Na\u00e7\u00f5es Unidas para Alimenta\u00e7\u00e3o e Agricultura, FAO, e a Organiza\u00e7\u00e3o Mundial da Sa\u00fade, OMS, para preven\u00e7\u00e3o da Covid-19 a cerca de 1 milh\u00e3o de fam\u00edlias rurais.<\/p>\n<p>A\u00e7\u00f5es como promo\u00e7\u00e3o do uso de m\u00e1scaras, distanciamento social, entre outras, est\u00e3o sendo promovidas. Limitar os impactos sobre os meios de subsist\u00eancia e manter a sa\u00fade longe do campo s\u00e3o consideradas medidas essenciais.<\/p>\n<p>&nbsp;<\/p>\n<p>Saiba mais em: https:\/\/news.un.org\/pt\/story\/2020\/06\/1716452<\/p>\n","protected":false},"excerpt":{"rendered":"<p>Parceria envolvendo o Minist\u00e9rio da Agricultura de [&hellip;]<\/p>\n","protected":false},"author":2,"featured_media":2416,"comment_status":"closed","ping_status":"open","sticky":false,"template":"","format":"standard","meta":[],"categories":[36,53,1],"tags":[],"yoast_head":"<!-- This site is optimized with the Yoast SEO plugin v15.2.1 - https:\/\/yoast.com\/wordpress\/plugins\/seo\/ -->\n<title>Em Angola, campanha para prevenir Covid-19 quer chegar a 1 milh\u00e3o de fam\u00edlias rurais | Alimenta CPLP!<\/title>\n<meta name=\"robots\" content=\"index, follow, max-snippet:-1, max-image-preview:large, max-video-preview:-1\" \/>\n<link rel=\"canonical\" href=\"https:\/\/alimentacplp.com\/home\/2020\/06\/30\/em-angola-campanha-para-prevenir-covid-19-quer-chegar-a-1-milhao-de-familias-rurais\/\" \/>\n<meta property=\"og:locale\" content=\"pt_BR\" \/>\n<meta property=\"og:type\" content=\"article\" \/>\n<meta property=\"og:title\" content=\"Em Angola, campanha para prevenir Covid-19 quer chegar a 1 milh\u00e3o de fam\u00edlias rurais | Alimenta CPLP!\" \/>\n<meta property=\"og:description\" content=\"Parceria envolvendo o Minist\u00e9rio da Agricultura de [&hellip;]\" \/>\n<meta property=\"og:url\" content=\"https:\/\/alimentacplp.com\/home\/2020\/06\/30\/em-angola-campanha-para-prevenir-covid-19-quer-chegar-a-1-milhao-de-familias-rurais\/\" \/>\n<meta property=\"og:site_name\" content=\"Alimenta CPLP!\" \/>\n<meta property=\"article:publisher\" content=\"https:\/\/www.facebook.com\/Alimenta-CPLP-114985186857112\/\" \/>\n<meta property=\"article:published_time\" content=\"2020-06-30T11:36:18+00:00\" \/>\n<meta property=\"article:modified_time\" content=\"2020-07-08T10:14:27+00:00\" \/>\n<meta property=\"og:image\" content=\"https:\/\/alimentacplp.com\/wp-content\/uploads\/2020\/04\/Footer_bg_01.jpg\" \/>\n\t<meta property=\"og:image:width\" content=\"2304\" \/>\n\t<meta property=\"og:image:height\" content=\"1296\" \/>\n<meta name=\"twitter:card\" content=\"summary_large_image\" \/>\n<meta name=\"twitter:label1\" content=\"Written by\">\n\t<meta name=\"twitter:data1\" content=\"Alimenta CPLP\">\n\t<meta name=\"twitter:label2\" content=\"Est. reading time\">\n\t<meta name=\"twitter:data2\" content=\"0 minuto\">\n<script type=\"application\/ld+json\" class=\"yoast-schema-graph\">{\"@context\":\"https:\/\/schema.org\",\"@graph\":[{\"@type\":\"WebSite\",\"@id\":\"https:\/\/alimentacplp.com\/home\/#website\",\"url\":\"https:\/\/alimentacplp.com\/home\/\",\"name\":\"Alimenta CPLP!\",\"description\":\"Observat\\u00f3rio COVID-19 CPLP\",\"potentialAction\":[{\"@type\":\"SearchAction\",\"target\":\"https:\/\/alimentacplp.com\/home\/?s={search_term_string}\",\"query-input\":\"required name=search_term_string\"}],\"inLanguage\":\"pt-BR\"},{\"@type\":\"ImageObject\",\"@id\":\"https:\/\/alimentacplp.com\/home\/2020\/06\/30\/em-angola-campanha-para-prevenir-covid-19-quer-chegar-a-1-milhao-de-familias-rurais\/#primaryimage\",\"inLanguage\":\"pt-BR\",\"url\":\"https:\/\/alimentacplp.com\/wp-content\/uploads\/2020\/04\/Footer_bg_01.jpg\",\"width\":2304,\"height\":1296,\"caption\":\"Alimenta\\u00e7\\u00e3o CPLP! | Impacto do Covid-19 na alimenta\\u00e7\\u00e3o nos pa\\u00edses da CPLP | Alimenta\\u00e7\\u00e3o familiar | Agricultura sustent\\u00e1vel | COVID-19 Medidas dos Paises\/Cidades da UCCLA\"},{\"@type\":\"WebPage\",\"@id\":\"https:\/\/alimentacplp.com\/home\/2020\/06\/30\/em-angola-campanha-para-prevenir-covid-19-quer-chegar-a-1-milhao-de-familias-rurais\/#webpage\",\"url\":\"https:\/\/alimentacplp.com\/home\/2020\/06\/30\/em-angola-campanha-para-prevenir-covid-19-quer-chegar-a-1-milhao-de-familias-rurais\/\",\"name\":\"Em Angola, campanha para prevenir Covid-19 quer chegar a 1 milh\\u00e3o de fam\\u00edlias rurais | Alimenta CPLP!\",\"isPartOf\":{\"@id\":\"https:\/\/alimentacplp.com\/home\/#website\"},\"primaryImageOfPage\":{\"@id\":\"https:\/\/alimentacplp.com\/home\/2020\/06\/30\/em-angola-campanha-para-prevenir-covid-19-quer-chegar-a-1-milhao-de-familias-rurais\/#primaryimage\"},\"datePublished\":\"2020-06-30T11:36:18+00:00\",\"dateModified\":\"2020-07-08T10:14:27+00:00\",\"author\":{\"@id\":\"https:\/\/alimentacplp.com\/home\/#\/schema\/person\/c6d7e6e0e6225ea6326dc847d0bb1b34\"},\"inLanguage\":\"pt-BR\",\"potentialAction\":[{\"@type\":\"ReadAction\",\"target\":[\"https:\/\/alimentacplp.com\/home\/2020\/06\/30\/em-angola-campanha-para-prevenir-covid-19-quer-chegar-a-1-milhao-de-familias-rurais\/\"]}]},{\"@type\":\"Person\",\"@id\":\"https:\/\/alimentacplp.com\/home\/#\/schema\/person\/c6d7e6e0e6225ea6326dc847d0bb1b34\",\"name\":\"Alimenta CPLP\",\"image\":{\"@type\":\"ImageObject\",\"@id\":\"https:\/\/alimentacplp.com\/home\/#personlogo\",\"inLanguage\":\"pt-BR\",\"url\":\"https:\/\/secure.gravatar.com\/avatar\/6ea32ca320819dda6d6f2d89f3d50639?s=96&d=mm&r=g\",\"caption\":\"Alimenta CPLP\"},\"description\":\"Esta plataforma est\\u00e1 aberta a todas as organiza\\u00e7\\u00f5es da sociedade civil, academia, setor privado e governos dos Estados \\u2013 Membro da Comunidade de Pa\\u00edses de L\\u00edngua Portuguesa e \\u00e9 facilitada tecnicamente pela ACTUAR \\u2013 Associa\\u00e7\\u00e3o para a Coopera\\u00e7\\u00e3o e Desenvolvimento. Para contatar a equipe do site entre em contato.\"}]}<\/script>\n<!-- \/ Yoast SEO plugin. -->","_links":{"self":[{"href":"https:\/\/alimentacplp.com\/home\/wp-json\/wp\/v2\/posts\/3431"}],"collection":[{"href":"https:\/\/alimentacplp.com\/home\/wp-json\/wp\/v2\/posts"}],"about":[{"href":"https:\/\/alimentacplp.com\/home\/wp-json\/wp\/v2\/types\/post"}],"author":[{"embeddable":true,"href":"https:\/\/alimentacplp.com\/home\/wp-json\/wp\/v2\/users\/2"}],"replies":[{"embeddable":true,"href":"https:\/\/alimentacplp.com\/home\/wp-json\/wp\/v2\/comments?post=3431"}],"version-history":[{"count":1,"href":"https:\/\/alimentacplp.com\/home\/wp-json\/wp\/v2\/posts\/3431\/revisions"}],"predecessor-version":[{"id":3432,"href":"https:\/\/alimentacplp.com\/home\/wp-json\/wp\/v2\/posts\/3431\/revisions\/3432"}],"wp:featuredmedia":[{"embeddable":true,"href":"https:\/\/alimentacplp.com\/home\/wp-json\/wp\/v2\/media\/2416"}],"wp:attachment":[{"href":"https:\/\/alimentacplp.com\/home\/wp-json\/wp\/v2\/media?parent=3431"}],"wp:term":[{"taxonomy":"category","embeddable":true,"href":"https:\/\/alimentacplp.com\/home\/wp-json\/wp\/v2\/categories?post=3431"},{"taxonomy":"post_tag","embeddable":true,"href":"https:\/\/alimentacplp.com\/home\/wp-json\/wp\/v2\/tags?post=3431"}],"curies":[{"name":"wp","href":"https:\/\/api.w.org\/{rel}","templated":true}]}}