{"id":3479,"date":"2020-07-06T12:00:38","date_gmt":"2020-07-06T11:00:38","guid":{"rendered":"https:\/\/alimentacplp.com\/?p=3479"},"modified":"2020-07-08T11:13:46","modified_gmt":"2020-07-08T10:13:46","slug":"mocambique-covid-19-provoca-prejuizos-a-pequenos-agricultores-em-chokwe","status":"publish","type":"post","link":"https:\/\/alimentacplp.com\/home\/2020\/07\/06\/mocambique-covid-19-provoca-prejuizos-a-pequenos-agricultores-em-chokwe\/","title":{"rendered":"Mo\u00e7ambique: Covid-19 provoca preju\u00edzos a pequenos agricultores em Ch\u00f3kw\u00e8"},"content":{"rendered":"<p>Pequenos produtores em Ch\u00f3kw\u00e8, prov\u00edncia de Gaza, contam preju\u00edzos e efeitos da redu\u00e7\u00e3o da procura de produtos devido a pandemia do Covid-19.<br \/>\nAssista a reportagem completa:<\/p>\n<p>https:\/\/www.dw.com\/pt-002\/mo%C3%A7ambique-covid-19-provoca-preju%C3%ADzos-a-pequenos-agricultores-em-ch%C3%B3kw%C3%A8\/av-53939405<\/p>\n","protected":false},"excerpt":{"rendered":"<p>Pequenos produtores em Ch\u00f3kw\u00e8, prov\u00edncia de Gaza, [&hellip;]<\/p>\n","protected":false},"author":2,"featured_media":2416,"comment_status":"closed","ping_status":"open","sticky":false,"template":"","format":"standard","meta":[],"categories":[1],"tags":[],"yoast_head":"<!-- This site is optimized with the Yoast SEO plugin v15.2.1 - https:\/\/yoast.com\/wordpress\/plugins\/seo\/ -->\n<title>Mo\u00e7ambique: Covid-19 provoca preju\u00edzos a pequenos agricultores em Ch\u00f3kw\u00e8 | Alimenta CPLP!<\/title>\n<meta name=\"robots\" content=\"index, follow, max-snippet:-1, max-image-preview:large, max-video-preview:-1\" \/>\n<link rel=\"canonical\" href=\"https:\/\/alimentacplp.com\/home\/2020\/07\/06\/mocambique-covid-19-provoca-prejuizos-a-pequenos-agricultores-em-chokwe\/\" \/>\n<meta property=\"og:locale\" content=\"pt_BR\" \/>\n<meta property=\"og:type\" content=\"article\" \/>\n<meta property=\"og:title\" content=\"Mo\u00e7ambique: Covid-19 provoca preju\u00edzos a pequenos agricultores em Ch\u00f3kw\u00e8 | Alimenta CPLP!\" \/>\n<meta property=\"og:description\" content=\"Pequenos produtores em Ch\u00f3kw\u00e8, prov\u00edncia de Gaza, [&hellip;]\" \/>\n<meta property=\"og:url\" content=\"https:\/\/alimentacplp.com\/home\/2020\/07\/06\/mocambique-covid-19-provoca-prejuizos-a-pequenos-agricultores-em-chokwe\/\" \/>\n<meta property=\"og:site_name\" content=\"Alimenta CPLP!\" \/>\n<meta property=\"article:publisher\" content=\"https:\/\/www.facebook.com\/Alimenta-CPLP-114985186857112\/\" \/>\n<meta property=\"article:published_time\" content=\"2020-07-06T11:00:38+00:00\" \/>\n<meta property=\"article:modified_time\" content=\"2020-07-08T10:13:46+00:00\" \/>\n<meta property=\"og:image\" content=\"https:\/\/alimentacplp.com\/wp-content\/uploads\/2020\/04\/Footer_bg_01.jpg\" \/>\n\t<meta property=\"og:image:width\" content=\"2304\" \/>\n\t<meta property=\"og:image:height\" content=\"1296\" \/>\n<meta name=\"twitter:card\" content=\"summary_large_image\" \/>\n<meta name=\"twitter:label1\" content=\"Written by\">\n\t<meta name=\"twitter:data1\" content=\"Alimenta CPLP\">\n\t<meta name=\"twitter:label2\" content=\"Est. reading time\">\n\t<meta name=\"twitter:data2\" content=\"0 minuto\">\n<script type=\"application\/ld+json\" class=\"yoast-schema-graph\">{\"@context\":\"https:\/\/schema.org\",\"@graph\":[{\"@type\":\"WebSite\",\"@id\":\"https:\/\/alimentacplp.com\/home\/#website\",\"url\":\"https:\/\/alimentacplp.com\/home\/\",\"name\":\"Alimenta CPLP!\",\"description\":\"Observat\\u00f3rio COVID-19 CPLP\",\"potentialAction\":[{\"@type\":\"SearchAction\",\"target\":\"https:\/\/alimentacplp.com\/home\/?s={search_term_string}\",\"query-input\":\"required name=search_term_string\"}],\"inLanguage\":\"pt-BR\"},{\"@type\":\"ImageObject\",\"@id\":\"https:\/\/alimentacplp.com\/home\/2020\/07\/06\/mocambique-covid-19-provoca-prejuizos-a-pequenos-agricultores-em-chokwe\/#primaryimage\",\"inLanguage\":\"pt-BR\",\"url\":\"https:\/\/alimentacplp.com\/wp-content\/uploads\/2020\/04\/Footer_bg_01.jpg\",\"width\":2304,\"height\":1296,\"caption\":\"Alimenta\\u00e7\\u00e3o CPLP! | Impacto do Covid-19 na alimenta\\u00e7\\u00e3o nos pa\\u00edses da CPLP | Alimenta\\u00e7\\u00e3o familiar | Agricultura sustent\\u00e1vel | COVID-19 Medidas dos Paises\/Cidades da UCCLA\"},{\"@type\":\"WebPage\",\"@id\":\"https:\/\/alimentacplp.com\/home\/2020\/07\/06\/mocambique-covid-19-provoca-prejuizos-a-pequenos-agricultores-em-chokwe\/#webpage\",\"url\":\"https:\/\/alimentacplp.com\/home\/2020\/07\/06\/mocambique-covid-19-provoca-prejuizos-a-pequenos-agricultores-em-chokwe\/\",\"name\":\"Mo\\u00e7ambique: Covid-19 provoca preju\\u00edzos a pequenos agricultores em Ch\\u00f3kw\\u00e8 | Alimenta CPLP!\",\"isPartOf\":{\"@id\":\"https:\/\/alimentacplp.com\/home\/#website\"},\"primaryImageOfPage\":{\"@id\":\"https:\/\/alimentacplp.com\/home\/2020\/07\/06\/mocambique-covid-19-provoca-prejuizos-a-pequenos-agricultores-em-chokwe\/#primaryimage\"},\"datePublished\":\"2020-07-06T11:00:38+00:00\",\"dateModified\":\"2020-07-08T10:13:46+00:00\",\"author\":{\"@id\":\"https:\/\/alimentacplp.com\/home\/#\/schema\/person\/c6d7e6e0e6225ea6326dc847d0bb1b34\"},\"inLanguage\":\"pt-BR\",\"potentialAction\":[{\"@type\":\"ReadAction\",\"target\":[\"https:\/\/alimentacplp.com\/home\/2020\/07\/06\/mocambique-covid-19-provoca-prejuizos-a-pequenos-agricultores-em-chokwe\/\"]}]},{\"@type\":\"Person\",\"@id\":\"https:\/\/alimentacplp.com\/home\/#\/schema\/person\/c6d7e6e0e6225ea6326dc847d0bb1b34\",\"name\":\"Alimenta CPLP\",\"image\":{\"@type\":\"ImageObject\",\"@id\":\"https:\/\/alimentacplp.com\/home\/#personlogo\",\"inLanguage\":\"pt-BR\",\"url\":\"https:\/\/secure.gravatar.com\/avatar\/6ea32ca320819dda6d6f2d89f3d50639?s=96&d=mm&r=g\",\"caption\":\"Alimenta CPLP\"},\"description\":\"Esta plataforma est\\u00e1 aberta a todas as organiza\\u00e7\\u00f5es da sociedade civil, academia, setor privado e governos dos Estados \\u2013 Membro da Comunidade de Pa\\u00edses de L\\u00edngua Portuguesa e \\u00e9 facilitada tecnicamente pela ACTUAR \\u2013 Associa\\u00e7\\u00e3o para a Coopera\\u00e7\\u00e3o e Desenvolvimento. Para contatar a equipe do site entre em contato.\"}]}<\/script>\n<!-- \/ Yoast SEO plugin. -->","_links":{"self":[{"href":"https:\/\/alimentacplp.com\/home\/wp-json\/wp\/v2\/posts\/3479"}],"collection":[{"href":"https:\/\/alimentacplp.com\/home\/wp-json\/wp\/v2\/posts"}],"about":[{"href":"https:\/\/alimentacplp.com\/home\/wp-json\/wp\/v2\/types\/post"}],"author":[{"embeddable":true,"href":"https:\/\/alimentacplp.com\/home\/wp-json\/wp\/v2\/users\/2"}],"replies":[{"embeddable":true,"href":"https:\/\/alimentacplp.com\/home\/wp-json\/wp\/v2\/comments?post=3479"}],"version-history":[{"count":1,"href":"https:\/\/alimentacplp.com\/home\/wp-json\/wp\/v2\/posts\/3479\/revisions"}],"predecessor-version":[{"id":3480,"href":"https:\/\/alimentacplp.com\/home\/wp-json\/wp\/v2\/posts\/3479\/revisions\/3480"}],"wp:featuredmedia":[{"embeddable":true,"href":"https:\/\/alimentacplp.com\/home\/wp-json\/wp\/v2\/media\/2416"}],"wp:attachment":[{"href":"https:\/\/alimentacplp.com\/home\/wp-json\/wp\/v2\/media?parent=3479"}],"wp:term":[{"taxonomy":"category","embeddable":true,"href":"https:\/\/alimentacplp.com\/home\/wp-json\/wp\/v2\/categories?post=3479"},{"taxonomy":"post_tag","embeddable":true,"href":"https:\/\/alimentacplp.com\/home\/wp-json\/wp\/v2\/tags?post=3479"}],"curies":[{"name":"wp","href":"https:\/\/api.w.org\/{rel}","templated":true}]}}