{"id":3488,"date":"2020-07-06T18:14:41","date_gmt":"2020-07-06T17:14:41","guid":{"rendered":"https:\/\/alimentacplp.com\/?p=3488"},"modified":"2020-07-31T15:53:18","modified_gmt":"2020-07-31T14:53:18","slug":"programa-alimentar-mundial-alerta-para-agravamento-da-fome-em-africa","status":"publish","type":"post","link":"https:\/\/alimentacplp.com\/home\/2020\/07\/06\/programa-alimentar-mundial-alerta-para-agravamento-da-fome-em-africa\/","title":{"rendered":"Programa Alimentar Mundial alerta para agravamento da fome em \u00c1frica"},"content":{"rendered":"<p>A situa\u00e7\u00e3o grave que se vive na \u00c1frica Central e Ocidental \u00e9 um dos alertas do Programa Alimentar Mundial, que pode deixar mais de 57 milh\u00f5es de pessoas em situa\u00e7\u00e3o de fome em impacto da pandemia da Covid-19. Popula\u00e7\u00f5es locais est\u00e3o mais vulner\u00e1veis e as dificuldades se agravam com o per\u00edodo da seca e pelo encerramento das fronteiras.<\/p>\n<p>Os pre\u00e7os elevados dos produtos alimentares que j\u00e1 estavam alto se agravaram ainda mais este ano, segundo a porta voz do Programa.<\/p>\n<p>&nbsp;<\/p>\n<p>&#8220;mesmo antes da pandemia, estimava-se que mais de 21 milh\u00f5es de pessoas lutavam para atender \u00e0s suas necessidades alimentares&#8221; e acrescenta que as estimativas apontam para &#8220;11,6 milh\u00f5es de crian\u00e7as desnutridas na regi\u00e3o em 2020, um aumento de 18% nos n\u00edveis pr\u00e9-covid&#8221; destaca Elisabeth Byrs.<\/p>\n<p>O Programa Mundial de Alimentos diz ter capacidade para ajudar 23 milh\u00f5es de pessoas, mais 8,9 milh\u00f5es que o inicialmente previsto para este ano.<\/p>\n<p>&nbsp;<\/p>\n<p>Saiba mais em: https:\/\/pt.euronews.com\/2020\/07\/05\/programa-alimentar-mundial-alerta-para-agravamento-da-fome-em-africa<\/p>\n","protected":false},"excerpt":{"rendered":"<p>A situa\u00e7\u00e3o grave que se vive na [&hellip;]<\/p>\n","protected":false},"author":2,"featured_media":3875,"comment_status":"closed","ping_status":"open","sticky":false,"template":"","format":"standard","meta":[],"categories":[1],"tags":[],"yoast_head":"<!-- This site is optimized with the Yoast SEO plugin v15.2.1 - https:\/\/yoast.com\/wordpress\/plugins\/seo\/ -->\n<title>Programa Alimentar Mundial alerta para agravamento da fome em \u00c1frica | Alimenta CPLP!<\/title>\n<meta name=\"robots\" content=\"index, follow, max-snippet:-1, max-image-preview:large, max-video-preview:-1\" \/>\n<link rel=\"canonical\" href=\"https:\/\/alimentacplp.com\/home\/2020\/07\/06\/programa-alimentar-mundial-alerta-para-agravamento-da-fome-em-africa\/\" \/>\n<meta property=\"og:locale\" content=\"pt_BR\" \/>\n<meta property=\"og:type\" content=\"article\" \/>\n<meta property=\"og:title\" content=\"Programa Alimentar Mundial alerta para agravamento da fome em \u00c1frica | Alimenta CPLP!\" \/>\n<meta property=\"og:description\" content=\"A situa\u00e7\u00e3o grave que se vive na [&hellip;]\" \/>\n<meta property=\"og:url\" content=\"https:\/\/alimentacplp.com\/home\/2020\/07\/06\/programa-alimentar-mundial-alerta-para-agravamento-da-fome-em-africa\/\" \/>\n<meta property=\"og:site_name\" content=\"Alimenta CPLP!\" \/>\n<meta property=\"article:publisher\" content=\"https:\/\/www.facebook.com\/Alimenta-CPLP-114985186857112\/\" \/>\n<meta property=\"article:published_time\" content=\"2020-07-06T17:14:41+00:00\" \/>\n<meta property=\"article:modified_time\" content=\"2020-07-31T14:53:18+00:00\" \/>\n<meta property=\"og:image\" content=\"https:\/\/alimentacplp.com\/wp-content\/uploads\/2020\/07\/observatorio-3.jpg\" \/>\n\t<meta property=\"og:image:width\" content=\"500\" \/>\n\t<meta property=\"og:image:height\" content=\"375\" \/>\n<meta name=\"twitter:card\" content=\"summary_large_image\" \/>\n<meta name=\"twitter:label1\" content=\"Written by\">\n\t<meta name=\"twitter:data1\" content=\"Alimenta CPLP\">\n\t<meta name=\"twitter:label2\" content=\"Est. reading time\">\n\t<meta name=\"twitter:data2\" content=\"1 minuto\">\n<script type=\"application\/ld+json\" class=\"yoast-schema-graph\">{\"@context\":\"https:\/\/schema.org\",\"@graph\":[{\"@type\":\"WebSite\",\"@id\":\"https:\/\/alimentacplp.com\/home\/#website\",\"url\":\"https:\/\/alimentacplp.com\/home\/\",\"name\":\"Alimenta CPLP!\",\"description\":\"Observat\\u00f3rio COVID-19 CPLP\",\"potentialAction\":[{\"@type\":\"SearchAction\",\"target\":\"https:\/\/alimentacplp.com\/home\/?s={search_term_string}\",\"query-input\":\"required name=search_term_string\"}],\"inLanguage\":\"pt-BR\"},{\"@type\":\"ImageObject\",\"@id\":\"https:\/\/alimentacplp.com\/home\/2020\/07\/06\/programa-alimentar-mundial-alerta-para-agravamento-da-fome-em-africa\/#primaryimage\",\"inLanguage\":\"pt-BR\",\"url\":\"https:\/\/alimentacplp.com\/wp-content\/uploads\/2020\/07\/observatorio-3.jpg\",\"width\":500,\"height\":375},{\"@type\":\"WebPage\",\"@id\":\"https:\/\/alimentacplp.com\/home\/2020\/07\/06\/programa-alimentar-mundial-alerta-para-agravamento-da-fome-em-africa\/#webpage\",\"url\":\"https:\/\/alimentacplp.com\/home\/2020\/07\/06\/programa-alimentar-mundial-alerta-para-agravamento-da-fome-em-africa\/\",\"name\":\"Programa Alimentar Mundial alerta para agravamento da fome em \\u00c1frica | Alimenta CPLP!\",\"isPartOf\":{\"@id\":\"https:\/\/alimentacplp.com\/home\/#website\"},\"primaryImageOfPage\":{\"@id\":\"https:\/\/alimentacplp.com\/home\/2020\/07\/06\/programa-alimentar-mundial-alerta-para-agravamento-da-fome-em-africa\/#primaryimage\"},\"datePublished\":\"2020-07-06T17:14:41+00:00\",\"dateModified\":\"2020-07-31T14:53:18+00:00\",\"author\":{\"@id\":\"https:\/\/alimentacplp.com\/home\/#\/schema\/person\/c6d7e6e0e6225ea6326dc847d0bb1b34\"},\"inLanguage\":\"pt-BR\",\"potentialAction\":[{\"@type\":\"ReadAction\",\"target\":[\"https:\/\/alimentacplp.com\/home\/2020\/07\/06\/programa-alimentar-mundial-alerta-para-agravamento-da-fome-em-africa\/\"]}]},{\"@type\":\"Person\",\"@id\":\"https:\/\/alimentacplp.com\/home\/#\/schema\/person\/c6d7e6e0e6225ea6326dc847d0bb1b34\",\"name\":\"Alimenta CPLP\",\"image\":{\"@type\":\"ImageObject\",\"@id\":\"https:\/\/alimentacplp.com\/home\/#personlogo\",\"inLanguage\":\"pt-BR\",\"url\":\"https:\/\/secure.gravatar.com\/avatar\/6ea32ca320819dda6d6f2d89f3d50639?s=96&d=mm&r=g\",\"caption\":\"Alimenta CPLP\"},\"description\":\"Esta plataforma est\\u00e1 aberta a todas as organiza\\u00e7\\u00f5es da sociedade civil, academia, setor privado e governos dos Estados \\u2013 Membro da Comunidade de Pa\\u00edses de L\\u00edngua Portuguesa e \\u00e9 facilitada tecnicamente pela ACTUAR \\u2013 Associa\\u00e7\\u00e3o para a Coopera\\u00e7\\u00e3o e Desenvolvimento. Para contatar a equipe do site entre em contato.\"}]}<\/script>\n<!-- \/ Yoast SEO plugin. -->","_links":{"self":[{"href":"https:\/\/alimentacplp.com\/home\/wp-json\/wp\/v2\/posts\/3488"}],"collection":[{"href":"https:\/\/alimentacplp.com\/home\/wp-json\/wp\/v2\/posts"}],"about":[{"href":"https:\/\/alimentacplp.com\/home\/wp-json\/wp\/v2\/types\/post"}],"author":[{"embeddable":true,"href":"https:\/\/alimentacplp.com\/home\/wp-json\/wp\/v2\/users\/2"}],"replies":[{"embeddable":true,"href":"https:\/\/alimentacplp.com\/home\/wp-json\/wp\/v2\/comments?post=3488"}],"version-history":[{"count":1,"href":"https:\/\/alimentacplp.com\/home\/wp-json\/wp\/v2\/posts\/3488\/revisions"}],"predecessor-version":[{"id":3489,"href":"https:\/\/alimentacplp.com\/home\/wp-json\/wp\/v2\/posts\/3488\/revisions\/3489"}],"wp:featuredmedia":[{"embeddable":true,"href":"https:\/\/alimentacplp.com\/home\/wp-json\/wp\/v2\/media\/3875"}],"wp:attachment":[{"href":"https:\/\/alimentacplp.com\/home\/wp-json\/wp\/v2\/media?parent=3488"}],"wp:term":[{"taxonomy":"category","embeddable":true,"href":"https:\/\/alimentacplp.com\/home\/wp-json\/wp\/v2\/categories?post=3488"},{"taxonomy":"post_tag","embeddable":true,"href":"https:\/\/alimentacplp.com\/home\/wp-json\/wp\/v2\/tags?post=3488"}],"curies":[{"name":"wp","href":"https:\/\/api.w.org\/{rel}","templated":true}]}}