{"id":3516,"date":"2020-07-08T14:31:11","date_gmt":"2020-07-08T13:31:11","guid":{"rendered":"https:\/\/alimentacplp.com\/?p=3516"},"modified":"2020-07-31T15:50:30","modified_gmt":"2020-07-31T14:50:30","slug":"adicionando-uma-perspetiva-de-genero-na-resposta-da-fao-a-covid-19-programa-de-orientacao","status":"publish","type":"post","link":"https:\/\/alimentacplp.com\/home\/2020\/07\/08\/adicionando-uma-perspetiva-de-genero-na-resposta-da-fao-a-covid-19-programa-de-orientacao\/","title":{"rendered":"Adicionando uma perspetiva de g\u00e9nero na resposta da FAO \u00e0 COVID-19 &#8211; Programa de orienta\u00e7\u00e3o"},"content":{"rendered":"<h6 style=\"text-align: center;\">Veja o documento completo em:<\/h6>\n<p style=\"text-align: center;\"><a href=\"http:\/\/www.fao.org\/3\/ca9299en\/ca9299en.pdf\" target=\"_blank\" rel=\"noopener noreferrer\">Adicionando uma perspetiva de g\u00e9nero na resposta da FAO \u00e0 COVID-19 &#8211; Programa de orienta\u00e7\u00e3o<\/a><\/p>\n","protected":false},"excerpt":{"rendered":"<p>Veja o documento completo em: Adicionando uma [&hellip;]<\/p>\n","protected":false},"author":2,"featured_media":3871,"comment_status":"closed","ping_status":"open","sticky":false,"template":"","format":"standard","meta":[],"categories":[1],"tags":[],"yoast_head":"<!-- This site is optimized with the Yoast SEO plugin v15.2.1 - https:\/\/yoast.com\/wordpress\/plugins\/seo\/ -->\n<title>Adicionando uma perspetiva de g\u00e9nero na resposta da FAO \u00e0 COVID-19 - Programa de orienta\u00e7\u00e3o | Alimenta CPLP!<\/title>\n<meta name=\"robots\" content=\"index, follow, max-snippet:-1, max-image-preview:large, max-video-preview:-1\" \/>\n<link rel=\"canonical\" href=\"https:\/\/alimentacplp.com\/home\/2020\/07\/08\/adicionando-uma-perspetiva-de-genero-na-resposta-da-fao-a-covid-19-programa-de-orientacao\/\" \/>\n<meta property=\"og:locale\" content=\"pt_BR\" \/>\n<meta property=\"og:type\" content=\"article\" \/>\n<meta property=\"og:title\" content=\"Adicionando uma perspetiva de g\u00e9nero na resposta da FAO \u00e0 COVID-19 - Programa de orienta\u00e7\u00e3o | Alimenta CPLP!\" \/>\n<meta property=\"og:description\" content=\"Veja o documento completo em: Adicionando uma [&hellip;]\" \/>\n<meta property=\"og:url\" content=\"https:\/\/alimentacplp.com\/home\/2020\/07\/08\/adicionando-uma-perspetiva-de-genero-na-resposta-da-fao-a-covid-19-programa-de-orientacao\/\" \/>\n<meta property=\"og:site_name\" content=\"Alimenta CPLP!\" \/>\n<meta property=\"article:publisher\" content=\"https:\/\/www.facebook.com\/Alimenta-CPLP-114985186857112\/\" \/>\n<meta property=\"article:published_time\" content=\"2020-07-08T13:31:11+00:00\" \/>\n<meta property=\"article:modified_time\" content=\"2020-07-31T14:50:30+00:00\" \/>\n<meta property=\"og:image\" content=\"https:\/\/alimentacplp.com\/wp-content\/uploads\/2020\/07\/mulher-2.jpg\" \/>\n\t<meta property=\"og:image:width\" content=\"500\" \/>\n\t<meta property=\"og:image:height\" content=\"338\" \/>\n<meta name=\"twitter:card\" content=\"summary_large_image\" \/>\n<meta name=\"twitter:label1\" content=\"Written by\">\n\t<meta name=\"twitter:data1\" content=\"Alimenta CPLP\">\n\t<meta name=\"twitter:label2\" content=\"Est. reading time\">\n\t<meta name=\"twitter:data2\" content=\"0 minuto\">\n<script type=\"application\/ld+json\" class=\"yoast-schema-graph\">{\"@context\":\"https:\/\/schema.org\",\"@graph\":[{\"@type\":\"WebSite\",\"@id\":\"https:\/\/alimentacplp.com\/home\/#website\",\"url\":\"https:\/\/alimentacplp.com\/home\/\",\"name\":\"Alimenta CPLP!\",\"description\":\"Observat\\u00f3rio COVID-19 CPLP\",\"potentialAction\":[{\"@type\":\"SearchAction\",\"target\":\"https:\/\/alimentacplp.com\/home\/?s={search_term_string}\",\"query-input\":\"required name=search_term_string\"}],\"inLanguage\":\"pt-BR\"},{\"@type\":\"ImageObject\",\"@id\":\"https:\/\/alimentacplp.com\/home\/2020\/07\/08\/adicionando-uma-perspetiva-de-genero-na-resposta-da-fao-a-covid-19-programa-de-orientacao\/#primaryimage\",\"inLanguage\":\"pt-BR\",\"url\":\"https:\/\/alimentacplp.com\/wp-content\/uploads\/2020\/07\/mulher-2.jpg\",\"width\":500,\"height\":338},{\"@type\":\"WebPage\",\"@id\":\"https:\/\/alimentacplp.com\/home\/2020\/07\/08\/adicionando-uma-perspetiva-de-genero-na-resposta-da-fao-a-covid-19-programa-de-orientacao\/#webpage\",\"url\":\"https:\/\/alimentacplp.com\/home\/2020\/07\/08\/adicionando-uma-perspetiva-de-genero-na-resposta-da-fao-a-covid-19-programa-de-orientacao\/\",\"name\":\"Adicionando uma perspetiva de g\\u00e9nero na resposta da FAO \\u00e0 COVID-19 - Programa de orienta\\u00e7\\u00e3o | Alimenta CPLP!\",\"isPartOf\":{\"@id\":\"https:\/\/alimentacplp.com\/home\/#website\"},\"primaryImageOfPage\":{\"@id\":\"https:\/\/alimentacplp.com\/home\/2020\/07\/08\/adicionando-uma-perspetiva-de-genero-na-resposta-da-fao-a-covid-19-programa-de-orientacao\/#primaryimage\"},\"datePublished\":\"2020-07-08T13:31:11+00:00\",\"dateModified\":\"2020-07-31T14:50:30+00:00\",\"author\":{\"@id\":\"https:\/\/alimentacplp.com\/home\/#\/schema\/person\/c6d7e6e0e6225ea6326dc847d0bb1b34\"},\"inLanguage\":\"pt-BR\",\"potentialAction\":[{\"@type\":\"ReadAction\",\"target\":[\"https:\/\/alimentacplp.com\/home\/2020\/07\/08\/adicionando-uma-perspetiva-de-genero-na-resposta-da-fao-a-covid-19-programa-de-orientacao\/\"]}]},{\"@type\":\"Person\",\"@id\":\"https:\/\/alimentacplp.com\/home\/#\/schema\/person\/c6d7e6e0e6225ea6326dc847d0bb1b34\",\"name\":\"Alimenta CPLP\",\"image\":{\"@type\":\"ImageObject\",\"@id\":\"https:\/\/alimentacplp.com\/home\/#personlogo\",\"inLanguage\":\"pt-BR\",\"url\":\"https:\/\/secure.gravatar.com\/avatar\/6ea32ca320819dda6d6f2d89f3d50639?s=96&d=mm&r=g\",\"caption\":\"Alimenta CPLP\"},\"description\":\"Esta plataforma est\\u00e1 aberta a todas as organiza\\u00e7\\u00f5es da sociedade civil, academia, setor privado e governos dos Estados \\u2013 Membro da Comunidade de Pa\\u00edses de L\\u00edngua Portuguesa e \\u00e9 facilitada tecnicamente pela ACTUAR \\u2013 Associa\\u00e7\\u00e3o para a Coopera\\u00e7\\u00e3o e Desenvolvimento. Para contatar a equipe do site entre em contato.\"}]}<\/script>\n<!-- \/ Yoast SEO plugin. -->","_links":{"self":[{"href":"https:\/\/alimentacplp.com\/home\/wp-json\/wp\/v2\/posts\/3516"}],"collection":[{"href":"https:\/\/alimentacplp.com\/home\/wp-json\/wp\/v2\/posts"}],"about":[{"href":"https:\/\/alimentacplp.com\/home\/wp-json\/wp\/v2\/types\/post"}],"author":[{"embeddable":true,"href":"https:\/\/alimentacplp.com\/home\/wp-json\/wp\/v2\/users\/2"}],"replies":[{"embeddable":true,"href":"https:\/\/alimentacplp.com\/home\/wp-json\/wp\/v2\/comments?post=3516"}],"version-history":[{"count":2,"href":"https:\/\/alimentacplp.com\/home\/wp-json\/wp\/v2\/posts\/3516\/revisions"}],"predecessor-version":[{"id":3519,"href":"https:\/\/alimentacplp.com\/home\/wp-json\/wp\/v2\/posts\/3516\/revisions\/3519"}],"wp:featuredmedia":[{"embeddable":true,"href":"https:\/\/alimentacplp.com\/home\/wp-json\/wp\/v2\/media\/3871"}],"wp:attachment":[{"href":"https:\/\/alimentacplp.com\/home\/wp-json\/wp\/v2\/media?parent=3516"}],"wp:term":[{"taxonomy":"category","embeddable":true,"href":"https:\/\/alimentacplp.com\/home\/wp-json\/wp\/v2\/categories?post=3516"},{"taxonomy":"post_tag","embeddable":true,"href":"https:\/\/alimentacplp.com\/home\/wp-json\/wp\/v2\/tags?post=3516"}],"curies":[{"name":"wp","href":"https:\/\/api.w.org\/{rel}","templated":true}]}}