{"id":3941,"date":"2020-08-06T18:10:29","date_gmt":"2020-08-06T17:10:29","guid":{"rendered":"https:\/\/alimentacplp.com\/home\/?p=3941"},"modified":"2020-08-06T19:02:19","modified_gmt":"2020-08-06T18:02:19","slug":"timor-leste-covid-19-poe-em-risco-condicoes-alimentares-do-povo","status":"publish","type":"post","link":"https:\/\/alimentacplp.com\/home\/2020\/08\/06\/timor-leste-covid-19-poe-em-risco-condicoes-alimentares-do-povo\/","title":{"rendered":"Timor-Leste: Covid-19 p\u00f5e em risco condi\u00e7\u00f5es alimentares do povo"},"content":{"rendered":"<p>Segundo o respons\u00e1vel pelo Programa Alimentar Mundial (PAM) no Timor-Leste, Dangeng Liu, o pa\u00eds &#8220;n\u00e3o produz alimentos suficientes para alimentar a popula\u00e7\u00e3o. Setenta por cento do arroz consumido \u00e9 importado, mas, com a Covid-19, muitos dos pa\u00edses fornecedores suspenderam as exporta\u00e7\u00f5es&#8221;.<\/p>\n<p>Veja mais em: <a href=\"https:\/\/e-global.pt\/noticias\/lusofonia\/timor-leste\/timor-leste-covid-19-poe-em-risco-condicoes-alimentares-do-povo\/\">https:\/\/e-global.pt\/noticias\/lusofonia\/timor-leste\/timor-leste-covid-19-poe-em-risco-condicoes-alimentares-do-povo\/<\/a><\/p>\n","protected":false},"excerpt":{"rendered":"<p>Segundo o respons\u00e1vel pelo Programa Alimentar Mundial [&hellip;]<\/p>\n","protected":false},"author":2,"featured_media":3955,"comment_status":"closed","ping_status":"open","sticky":false,"template":"","format":"standard","meta":[],"categories":[1],"tags":[],"yoast_head":"<!-- This site is optimized with the Yoast SEO plugin v15.2.1 - https:\/\/yoast.com\/wordpress\/plugins\/seo\/ -->\n<title>Timor-Leste: Covid-19 p\u00f5e em risco condi\u00e7\u00f5es alimentares do povo | Alimenta CPLP!<\/title>\n<meta name=\"robots\" content=\"index, follow, max-snippet:-1, max-image-preview:large, max-video-preview:-1\" \/>\n<link rel=\"canonical\" href=\"https:\/\/alimentacplp.com\/home\/2020\/08\/06\/timor-leste-covid-19-poe-em-risco-condicoes-alimentares-do-povo\/\" \/>\n<meta property=\"og:locale\" content=\"pt_BR\" \/>\n<meta property=\"og:type\" content=\"article\" \/>\n<meta property=\"og:title\" content=\"Timor-Leste: Covid-19 p\u00f5e em risco condi\u00e7\u00f5es alimentares do povo | Alimenta CPLP!\" \/>\n<meta property=\"og:description\" content=\"Segundo o respons\u00e1vel pelo Programa Alimentar Mundial [&hellip;]\" \/>\n<meta property=\"og:url\" content=\"https:\/\/alimentacplp.com\/home\/2020\/08\/06\/timor-leste-covid-19-poe-em-risco-condicoes-alimentares-do-povo\/\" \/>\n<meta property=\"og:site_name\" content=\"Alimenta CPLP!\" \/>\n<meta property=\"article:publisher\" content=\"https:\/\/www.facebook.com\/Alimenta-CPLP-114985186857112\/\" \/>\n<meta property=\"article:published_time\" content=\"2020-08-06T17:10:29+00:00\" \/>\n<meta property=\"article:modified_time\" content=\"2020-08-06T18:02:19+00:00\" \/>\n<meta property=\"og:image\" content=\"https:\/\/alimentacplp.com\/wp-content\/uploads\/2020\/08\/farmer-2260636_1920.jpg\" \/>\n\t<meta property=\"og:image:width\" content=\"1920\" \/>\n\t<meta property=\"og:image:height\" content=\"1080\" \/>\n<meta name=\"twitter:card\" content=\"summary_large_image\" \/>\n<meta name=\"twitter:label1\" content=\"Written by\">\n\t<meta name=\"twitter:data1\" content=\"Alimenta CPLP\">\n\t<meta name=\"twitter:label2\" content=\"Est. reading time\">\n\t<meta name=\"twitter:data2\" content=\"0 minuto\">\n<script type=\"application\/ld+json\" class=\"yoast-schema-graph\">{\"@context\":\"https:\/\/schema.org\",\"@graph\":[{\"@type\":\"WebSite\",\"@id\":\"https:\/\/alimentacplp.com\/home\/#website\",\"url\":\"https:\/\/alimentacplp.com\/home\/\",\"name\":\"Alimenta CPLP!\",\"description\":\"Observat\\u00f3rio COVID-19 CPLP\",\"potentialAction\":[{\"@type\":\"SearchAction\",\"target\":\"https:\/\/alimentacplp.com\/home\/?s={search_term_string}\",\"query-input\":\"required name=search_term_string\"}],\"inLanguage\":\"pt-BR\"},{\"@type\":\"ImageObject\",\"@id\":\"https:\/\/alimentacplp.com\/home\/2020\/08\/06\/timor-leste-covid-19-poe-em-risco-condicoes-alimentares-do-povo\/#primaryimage\",\"inLanguage\":\"pt-BR\",\"url\":\"https:\/\/alimentacplp.com\/wp-content\/uploads\/2020\/08\/farmer-2260636_1920.jpg\",\"width\":1920,\"height\":1080},{\"@type\":\"WebPage\",\"@id\":\"https:\/\/alimentacplp.com\/home\/2020\/08\/06\/timor-leste-covid-19-poe-em-risco-condicoes-alimentares-do-povo\/#webpage\",\"url\":\"https:\/\/alimentacplp.com\/home\/2020\/08\/06\/timor-leste-covid-19-poe-em-risco-condicoes-alimentares-do-povo\/\",\"name\":\"Timor-Leste: Covid-19 p\\u00f5e em risco condi\\u00e7\\u00f5es alimentares do povo | Alimenta CPLP!\",\"isPartOf\":{\"@id\":\"https:\/\/alimentacplp.com\/home\/#website\"},\"primaryImageOfPage\":{\"@id\":\"https:\/\/alimentacplp.com\/home\/2020\/08\/06\/timor-leste-covid-19-poe-em-risco-condicoes-alimentares-do-povo\/#primaryimage\"},\"datePublished\":\"2020-08-06T17:10:29+00:00\",\"dateModified\":\"2020-08-06T18:02:19+00:00\",\"author\":{\"@id\":\"https:\/\/alimentacplp.com\/home\/#\/schema\/person\/c6d7e6e0e6225ea6326dc847d0bb1b34\"},\"inLanguage\":\"pt-BR\",\"potentialAction\":[{\"@type\":\"ReadAction\",\"target\":[\"https:\/\/alimentacplp.com\/home\/2020\/08\/06\/timor-leste-covid-19-poe-em-risco-condicoes-alimentares-do-povo\/\"]}]},{\"@type\":\"Person\",\"@id\":\"https:\/\/alimentacplp.com\/home\/#\/schema\/person\/c6d7e6e0e6225ea6326dc847d0bb1b34\",\"name\":\"Alimenta CPLP\",\"image\":{\"@type\":\"ImageObject\",\"@id\":\"https:\/\/alimentacplp.com\/home\/#personlogo\",\"inLanguage\":\"pt-BR\",\"url\":\"https:\/\/secure.gravatar.com\/avatar\/6ea32ca320819dda6d6f2d89f3d50639?s=96&d=mm&r=g\",\"caption\":\"Alimenta CPLP\"},\"description\":\"Esta plataforma est\\u00e1 aberta a todas as organiza\\u00e7\\u00f5es da sociedade civil, academia, setor privado e governos dos Estados \\u2013 Membro da Comunidade de Pa\\u00edses de L\\u00edngua Portuguesa e \\u00e9 facilitada tecnicamente pela ACTUAR \\u2013 Associa\\u00e7\\u00e3o para a Coopera\\u00e7\\u00e3o e Desenvolvimento. Para contatar a equipe do site entre em contato.\"}]}<\/script>\n<!-- \/ Yoast SEO plugin. -->","_links":{"self":[{"href":"https:\/\/alimentacplp.com\/home\/wp-json\/wp\/v2\/posts\/3941"}],"collection":[{"href":"https:\/\/alimentacplp.com\/home\/wp-json\/wp\/v2\/posts"}],"about":[{"href":"https:\/\/alimentacplp.com\/home\/wp-json\/wp\/v2\/types\/post"}],"author":[{"embeddable":true,"href":"https:\/\/alimentacplp.com\/home\/wp-json\/wp\/v2\/users\/2"}],"replies":[{"embeddable":true,"href":"https:\/\/alimentacplp.com\/home\/wp-json\/wp\/v2\/comments?post=3941"}],"version-history":[{"count":2,"href":"https:\/\/alimentacplp.com\/home\/wp-json\/wp\/v2\/posts\/3941\/revisions"}],"predecessor-version":[{"id":3943,"href":"https:\/\/alimentacplp.com\/home\/wp-json\/wp\/v2\/posts\/3941\/revisions\/3943"}],"wp:featuredmedia":[{"embeddable":true,"href":"https:\/\/alimentacplp.com\/home\/wp-json\/wp\/v2\/media\/3955"}],"wp:attachment":[{"href":"https:\/\/alimentacplp.com\/home\/wp-json\/wp\/v2\/media?parent=3941"}],"wp:term":[{"taxonomy":"category","embeddable":true,"href":"https:\/\/alimentacplp.com\/home\/wp-json\/wp\/v2\/categories?post=3941"},{"taxonomy":"post_tag","embeddable":true,"href":"https:\/\/alimentacplp.com\/home\/wp-json\/wp\/v2\/tags?post=3941"}],"curies":[{"name":"wp","href":"https:\/\/api.w.org\/{rel}","templated":true}]}}