{"id":3947,"date":"2020-08-06T18:32:59","date_gmt":"2020-08-06T17:32:59","guid":{"rendered":"https:\/\/alimentacplp.com\/home\/?p=3947"},"modified":"2020-08-06T18:40:28","modified_gmt":"2020-08-06T17:40:28","slug":"ma-nutricao-matou-este-ano-quase-150-criancas-angolanas-na-provincia-do-huambo","status":"publish","type":"post","link":"https:\/\/alimentacplp.com\/home\/2020\/08\/06\/ma-nutricao-matou-este-ano-quase-150-criancas-angolanas-na-provincia-do-huambo\/","title":{"rendered":"M\u00e1 nutri\u00e7\u00e3o matou este ano quase 150 crian\u00e7as angolanas na prov\u00edncia do Huambo"},"content":{"rendered":"<p>Perto de 150 crian\u00e7as j\u00e1 morreram este ano devido \u00e0 m\u00e1 nutri\u00e7\u00e3o, num total de 1.375 casos notificados na prov\u00edncia angolana do Huambo, anunciaram as autoridades de sa\u00fade locais.<\/p>\n<p>Veja mais em:<a href=\"https:\/\/plataformamedia.com\/2020\/08\/04\/ma-nutricao-matou-este-ano-quase-150-criancas-angolanas-na-provincia-do-huambo\/\"> https:\/\/plataformamedia.com\/2020\/08\/04\/ma-nutricao-matou-este-ano-quase-150-criancas-angolanas-na-provincia-do-huambo\/<\/a><\/p>\n","protected":false},"excerpt":{"rendered":"<p>Perto de 150 crian\u00e7as j\u00e1 morreram este [&hellip;]<\/p>\n","protected":false},"author":2,"featured_media":3946,"comment_status":"closed","ping_status":"open","sticky":false,"template":"","format":"standard","meta":[],"categories":[1],"tags":[],"yoast_head":"<!-- This site is optimized with the Yoast SEO plugin v15.2.1 - https:\/\/yoast.com\/wordpress\/plugins\/seo\/ -->\n<title>M\u00e1 nutri\u00e7\u00e3o matou este ano quase 150 crian\u00e7as angolanas na prov\u00edncia do Huambo | Alimenta CPLP!<\/title>\n<meta name=\"robots\" content=\"index, follow, max-snippet:-1, max-image-preview:large, max-video-preview:-1\" \/>\n<link rel=\"canonical\" href=\"https:\/\/alimentacplp.com\/home\/2020\/08\/06\/ma-nutricao-matou-este-ano-quase-150-criancas-angolanas-na-provincia-do-huambo\/\" \/>\n<meta property=\"og:locale\" content=\"pt_BR\" \/>\n<meta property=\"og:type\" content=\"article\" \/>\n<meta property=\"og:title\" content=\"M\u00e1 nutri\u00e7\u00e3o matou este ano quase 150 crian\u00e7as angolanas na prov\u00edncia do Huambo | Alimenta CPLP!\" \/>\n<meta property=\"og:description\" content=\"Perto de 150 crian\u00e7as j\u00e1 morreram este [&hellip;]\" \/>\n<meta property=\"og:url\" content=\"https:\/\/alimentacplp.com\/home\/2020\/08\/06\/ma-nutricao-matou-este-ano-quase-150-criancas-angolanas-na-provincia-do-huambo\/\" \/>\n<meta property=\"og:site_name\" content=\"Alimenta CPLP!\" \/>\n<meta property=\"article:publisher\" content=\"https:\/\/www.facebook.com\/Alimenta-CPLP-114985186857112\/\" \/>\n<meta property=\"article:published_time\" content=\"2020-08-06T17:32:59+00:00\" \/>\n<meta property=\"article:modified_time\" content=\"2020-08-06T17:40:28+00:00\" \/>\n<meta property=\"og:image\" content=\"https:\/\/alimentacplp.com\/wp-content\/uploads\/2020\/08\/coffee-4591173_1920.jpg\" \/>\n\t<meta property=\"og:image:width\" content=\"1280\" \/>\n\t<meta property=\"og:image:height\" content=\"1920\" \/>\n<meta name=\"twitter:card\" content=\"summary_large_image\" \/>\n<meta name=\"twitter:label1\" content=\"Written by\">\n\t<meta name=\"twitter:data1\" content=\"Alimenta CPLP\">\n\t<meta name=\"twitter:label2\" content=\"Est. reading time\">\n\t<meta name=\"twitter:data2\" content=\"0 minuto\">\n<script type=\"application\/ld+json\" class=\"yoast-schema-graph\">{\"@context\":\"https:\/\/schema.org\",\"@graph\":[{\"@type\":\"WebSite\",\"@id\":\"https:\/\/alimentacplp.com\/home\/#website\",\"url\":\"https:\/\/alimentacplp.com\/home\/\",\"name\":\"Alimenta CPLP!\",\"description\":\"Observat\\u00f3rio COVID-19 CPLP\",\"potentialAction\":[{\"@type\":\"SearchAction\",\"target\":\"https:\/\/alimentacplp.com\/home\/?s={search_term_string}\",\"query-input\":\"required name=search_term_string\"}],\"inLanguage\":\"pt-BR\"},{\"@type\":\"ImageObject\",\"@id\":\"https:\/\/alimentacplp.com\/home\/2020\/08\/06\/ma-nutricao-matou-este-ano-quase-150-criancas-angolanas-na-provincia-do-huambo\/#primaryimage\",\"inLanguage\":\"pt-BR\",\"url\":\"https:\/\/alimentacplp.com\/wp-content\/uploads\/2020\/08\/coffee-4591173_1920.jpg\",\"width\":1280,\"height\":1920},{\"@type\":\"WebPage\",\"@id\":\"https:\/\/alimentacplp.com\/home\/2020\/08\/06\/ma-nutricao-matou-este-ano-quase-150-criancas-angolanas-na-provincia-do-huambo\/#webpage\",\"url\":\"https:\/\/alimentacplp.com\/home\/2020\/08\/06\/ma-nutricao-matou-este-ano-quase-150-criancas-angolanas-na-provincia-do-huambo\/\",\"name\":\"M\\u00e1 nutri\\u00e7\\u00e3o matou este ano quase 150 crian\\u00e7as angolanas na prov\\u00edncia do Huambo | Alimenta CPLP!\",\"isPartOf\":{\"@id\":\"https:\/\/alimentacplp.com\/home\/#website\"},\"primaryImageOfPage\":{\"@id\":\"https:\/\/alimentacplp.com\/home\/2020\/08\/06\/ma-nutricao-matou-este-ano-quase-150-criancas-angolanas-na-provincia-do-huambo\/#primaryimage\"},\"datePublished\":\"2020-08-06T17:32:59+00:00\",\"dateModified\":\"2020-08-06T17:40:28+00:00\",\"author\":{\"@id\":\"https:\/\/alimentacplp.com\/home\/#\/schema\/person\/c6d7e6e0e6225ea6326dc847d0bb1b34\"},\"inLanguage\":\"pt-BR\",\"potentialAction\":[{\"@type\":\"ReadAction\",\"target\":[\"https:\/\/alimentacplp.com\/home\/2020\/08\/06\/ma-nutricao-matou-este-ano-quase-150-criancas-angolanas-na-provincia-do-huambo\/\"]}]},{\"@type\":\"Person\",\"@id\":\"https:\/\/alimentacplp.com\/home\/#\/schema\/person\/c6d7e6e0e6225ea6326dc847d0bb1b34\",\"name\":\"Alimenta CPLP\",\"image\":{\"@type\":\"ImageObject\",\"@id\":\"https:\/\/alimentacplp.com\/home\/#personlogo\",\"inLanguage\":\"pt-BR\",\"url\":\"https:\/\/secure.gravatar.com\/avatar\/6ea32ca320819dda6d6f2d89f3d50639?s=96&d=mm&r=g\",\"caption\":\"Alimenta CPLP\"},\"description\":\"Esta plataforma est\\u00e1 aberta a todas as organiza\\u00e7\\u00f5es da sociedade civil, academia, setor privado e governos dos Estados \\u2013 Membro da Comunidade de Pa\\u00edses de L\\u00edngua Portuguesa e \\u00e9 facilitada tecnicamente pela ACTUAR \\u2013 Associa\\u00e7\\u00e3o para a Coopera\\u00e7\\u00e3o e Desenvolvimento. Para contatar a equipe do site entre em contato.\"}]}<\/script>\n<!-- \/ Yoast SEO plugin. -->","_links":{"self":[{"href":"https:\/\/alimentacplp.com\/home\/wp-json\/wp\/v2\/posts\/3947"}],"collection":[{"href":"https:\/\/alimentacplp.com\/home\/wp-json\/wp\/v2\/posts"}],"about":[{"href":"https:\/\/alimentacplp.com\/home\/wp-json\/wp\/v2\/types\/post"}],"author":[{"embeddable":true,"href":"https:\/\/alimentacplp.com\/home\/wp-json\/wp\/v2\/users\/2"}],"replies":[{"embeddable":true,"href":"https:\/\/alimentacplp.com\/home\/wp-json\/wp\/v2\/comments?post=3947"}],"version-history":[{"count":1,"href":"https:\/\/alimentacplp.com\/home\/wp-json\/wp\/v2\/posts\/3947\/revisions"}],"predecessor-version":[{"id":3948,"href":"https:\/\/alimentacplp.com\/home\/wp-json\/wp\/v2\/posts\/3947\/revisions\/3948"}],"wp:featuredmedia":[{"embeddable":true,"href":"https:\/\/alimentacplp.com\/home\/wp-json\/wp\/v2\/media\/3946"}],"wp:attachment":[{"href":"https:\/\/alimentacplp.com\/home\/wp-json\/wp\/v2\/media?parent=3947"}],"wp:term":[{"taxonomy":"category","embeddable":true,"href":"https:\/\/alimentacplp.com\/home\/wp-json\/wp\/v2\/categories?post=3947"},{"taxonomy":"post_tag","embeddable":true,"href":"https:\/\/alimentacplp.com\/home\/wp-json\/wp\/v2\/tags?post=3947"}],"curies":[{"name":"wp","href":"https:\/\/api.w.org\/{rel}","templated":true}]}}