{"id":3982,"date":"2020-08-17T15:13:28","date_gmt":"2020-08-17T14:13:28","guid":{"rendered":"https:\/\/alimentacplp.com\/home\/?p=3982"},"modified":"2020-08-17T16:33:13","modified_gmt":"2020-08-17T15:33:13","slug":"grupos-de-jovens-agricultores-e-agroempresarios-buscam-solucoes-diante-da-covid-19","status":"publish","type":"post","link":"https:\/\/alimentacplp.com\/home\/2020\/08\/17\/grupos-de-jovens-agricultores-e-agroempresarios-buscam-solucoes-diante-da-covid-19\/","title":{"rendered":"Grupos de jovens agricultores e agroempres\u00e1rios buscam solu\u00e7\u00f5es diante da COVID-19"},"content":{"rendered":"<p>&#8220;A FAO lan\u00e7ou uma iniciativa de engajamento da juventude, &#8220;Coping with COVID-19: voices of young agripreneurs&#8221; (Lidando com a COVID-19: vozes dos jovens agroempres\u00e1rios na tradu\u00e7\u00e3o para o portugu\u00eas) para compreender o impacto do surto nos neg\u00f3cios dos jovens rurais e saber como apoi\u00e1-los durante e ap\u00f3s a pandemia.<\/p>\n<p>Por meio de redes e grupos de jovens agricultores e agroempres\u00e1rios em toda a \u00c1frica e Am\u00e9rica Central, a iniciativa identificou solu\u00e7\u00f5es lideradas por jovens para lidar com a crise. Isso serviu de base para o conselho pol\u00edtico da FAO aos governos e aos esfor\u00e7os de mobiliza\u00e7\u00e3o de recursos para defender respostas que incluam os jovens&#8221;.<\/p>\n<p>Veja mais em: <a href=\"http:\/\/www.fao.org\/brasil\/noticias\/detail-events\/pt\/c\/1303777\/\">http:\/\/www.fao.org\/brasil\/noticias\/detail-events\/pt\/c\/1303777\/<\/a><\/p>\n","protected":false},"excerpt":{"rendered":"<p>&#8220;A FAO lan\u00e7ou uma iniciativa de engajamento [&hellip;]<\/p>\n","protected":false},"author":2,"featured_media":3986,"comment_status":"closed","ping_status":"open","sticky":false,"template":"","format":"standard","meta":[],"categories":[1],"tags":[],"yoast_head":"<!-- This site is optimized with the Yoast SEO plugin v15.2.1 - https:\/\/yoast.com\/wordpress\/plugins\/seo\/ -->\n<title>Grupos de jovens agricultores e agroempres\u00e1rios buscam solu\u00e7\u00f5es diante da COVID-19 | Alimenta CPLP!<\/title>\n<meta name=\"robots\" content=\"index, follow, max-snippet:-1, max-image-preview:large, max-video-preview:-1\" \/>\n<link rel=\"canonical\" href=\"https:\/\/alimentacplp.com\/home\/2020\/08\/17\/grupos-de-jovens-agricultores-e-agroempresarios-buscam-solucoes-diante-da-covid-19\/\" \/>\n<meta property=\"og:locale\" content=\"pt_BR\" \/>\n<meta property=\"og:type\" content=\"article\" \/>\n<meta property=\"og:title\" content=\"Grupos de jovens agricultores e agroempres\u00e1rios buscam solu\u00e7\u00f5es diante da COVID-19 | Alimenta CPLP!\" \/>\n<meta property=\"og:description\" content=\"&#8220;A FAO lan\u00e7ou uma iniciativa de engajamento [&hellip;]\" \/>\n<meta property=\"og:url\" content=\"https:\/\/alimentacplp.com\/home\/2020\/08\/17\/grupos-de-jovens-agricultores-e-agroempresarios-buscam-solucoes-diante-da-covid-19\/\" \/>\n<meta property=\"og:site_name\" content=\"Alimenta CPLP!\" \/>\n<meta property=\"article:publisher\" content=\"https:\/\/www.facebook.com\/Alimenta-CPLP-114985186857112\/\" \/>\n<meta property=\"article:published_time\" content=\"2020-08-17T14:13:28+00:00\" \/>\n<meta property=\"article:modified_time\" content=\"2020-08-17T15:33:13+00:00\" \/>\n<meta property=\"og:image\" content=\"https:\/\/alimentacplp.com\/wp-content\/uploads\/2020\/08\/regador.jpg\" \/>\n\t<meta property=\"og:image:width\" content=\"1920\" \/>\n\t<meta property=\"og:image:height\" content=\"1280\" \/>\n<meta name=\"twitter:card\" content=\"summary_large_image\" \/>\n<meta name=\"twitter:label1\" content=\"Written by\">\n\t<meta name=\"twitter:data1\" content=\"Alimenta CPLP\">\n\t<meta name=\"twitter:label2\" content=\"Est. reading time\">\n\t<meta name=\"twitter:data2\" content=\"1 minuto\">\n<script type=\"application\/ld+json\" class=\"yoast-schema-graph\">{\"@context\":\"https:\/\/schema.org\",\"@graph\":[{\"@type\":\"WebSite\",\"@id\":\"https:\/\/alimentacplp.com\/home\/#website\",\"url\":\"https:\/\/alimentacplp.com\/home\/\",\"name\":\"Alimenta CPLP!\",\"description\":\"Observat\\u00f3rio COVID-19 CPLP\",\"potentialAction\":[{\"@type\":\"SearchAction\",\"target\":\"https:\/\/alimentacplp.com\/home\/?s={search_term_string}\",\"query-input\":\"required name=search_term_string\"}],\"inLanguage\":\"pt-BR\"},{\"@type\":\"ImageObject\",\"@id\":\"https:\/\/alimentacplp.com\/home\/2020\/08\/17\/grupos-de-jovens-agricultores-e-agroempresarios-buscam-solucoes-diante-da-covid-19\/#primaryimage\",\"inLanguage\":\"pt-BR\",\"url\":\"https:\/\/alimentacplp.com\/wp-content\/uploads\/2020\/08\/regador.jpg\",\"width\":1920,\"height\":1280},{\"@type\":\"WebPage\",\"@id\":\"https:\/\/alimentacplp.com\/home\/2020\/08\/17\/grupos-de-jovens-agricultores-e-agroempresarios-buscam-solucoes-diante-da-covid-19\/#webpage\",\"url\":\"https:\/\/alimentacplp.com\/home\/2020\/08\/17\/grupos-de-jovens-agricultores-e-agroempresarios-buscam-solucoes-diante-da-covid-19\/\",\"name\":\"Grupos de jovens agricultores e agroempres\\u00e1rios buscam solu\\u00e7\\u00f5es diante da COVID-19 | Alimenta CPLP!\",\"isPartOf\":{\"@id\":\"https:\/\/alimentacplp.com\/home\/#website\"},\"primaryImageOfPage\":{\"@id\":\"https:\/\/alimentacplp.com\/home\/2020\/08\/17\/grupos-de-jovens-agricultores-e-agroempresarios-buscam-solucoes-diante-da-covid-19\/#primaryimage\"},\"datePublished\":\"2020-08-17T14:13:28+00:00\",\"dateModified\":\"2020-08-17T15:33:13+00:00\",\"author\":{\"@id\":\"https:\/\/alimentacplp.com\/home\/#\/schema\/person\/c6d7e6e0e6225ea6326dc847d0bb1b34\"},\"inLanguage\":\"pt-BR\",\"potentialAction\":[{\"@type\":\"ReadAction\",\"target\":[\"https:\/\/alimentacplp.com\/home\/2020\/08\/17\/grupos-de-jovens-agricultores-e-agroempresarios-buscam-solucoes-diante-da-covid-19\/\"]}]},{\"@type\":\"Person\",\"@id\":\"https:\/\/alimentacplp.com\/home\/#\/schema\/person\/c6d7e6e0e6225ea6326dc847d0bb1b34\",\"name\":\"Alimenta CPLP\",\"image\":{\"@type\":\"ImageObject\",\"@id\":\"https:\/\/alimentacplp.com\/home\/#personlogo\",\"inLanguage\":\"pt-BR\",\"url\":\"https:\/\/secure.gravatar.com\/avatar\/6ea32ca320819dda6d6f2d89f3d50639?s=96&d=mm&r=g\",\"caption\":\"Alimenta CPLP\"},\"description\":\"Esta plataforma est\\u00e1 aberta a todas as organiza\\u00e7\\u00f5es da sociedade civil, academia, setor privado e governos dos Estados \\u2013 Membro da Comunidade de Pa\\u00edses de L\\u00edngua Portuguesa e \\u00e9 facilitada tecnicamente pela ACTUAR \\u2013 Associa\\u00e7\\u00e3o para a Coopera\\u00e7\\u00e3o e Desenvolvimento. Para contatar a equipe do site entre em contato.\"}]}<\/script>\n<!-- \/ Yoast SEO plugin. -->","_links":{"self":[{"href":"https:\/\/alimentacplp.com\/home\/wp-json\/wp\/v2\/posts\/3982"}],"collection":[{"href":"https:\/\/alimentacplp.com\/home\/wp-json\/wp\/v2\/posts"}],"about":[{"href":"https:\/\/alimentacplp.com\/home\/wp-json\/wp\/v2\/types\/post"}],"author":[{"embeddable":true,"href":"https:\/\/alimentacplp.com\/home\/wp-json\/wp\/v2\/users\/2"}],"replies":[{"embeddable":true,"href":"https:\/\/alimentacplp.com\/home\/wp-json\/wp\/v2\/comments?post=3982"}],"version-history":[{"count":2,"href":"https:\/\/alimentacplp.com\/home\/wp-json\/wp\/v2\/posts\/3982\/revisions"}],"predecessor-version":[{"id":3998,"href":"https:\/\/alimentacplp.com\/home\/wp-json\/wp\/v2\/posts\/3982\/revisions\/3998"}],"wp:featuredmedia":[{"embeddable":true,"href":"https:\/\/alimentacplp.com\/home\/wp-json\/wp\/v2\/media\/3986"}],"wp:attachment":[{"href":"https:\/\/alimentacplp.com\/home\/wp-json\/wp\/v2\/media?parent=3982"}],"wp:term":[{"taxonomy":"category","embeddable":true,"href":"https:\/\/alimentacplp.com\/home\/wp-json\/wp\/v2\/categories?post=3982"},{"taxonomy":"post_tag","embeddable":true,"href":"https:\/\/alimentacplp.com\/home\/wp-json\/wp\/v2\/tags?post=3982"}],"curies":[{"name":"wp","href":"https:\/\/api.w.org\/{rel}","templated":true}]}}