{"id":3984,"date":"2020-08-17T15:17:42","date_gmt":"2020-08-17T14:17:42","guid":{"rendered":"https:\/\/alimentacplp.com\/home\/?p=3984"},"modified":"2020-08-17T16:33:52","modified_gmt":"2020-08-17T15:33:52","slug":"marcha-das-margaridas-celebra-20-anos-em-defesa-das-mulheres-do-campo-da-floresta-e-das-aguas","status":"publish","type":"post","link":"https:\/\/alimentacplp.com\/home\/2020\/08\/17\/marcha-das-margaridas-celebra-20-anos-em-defesa-das-mulheres-do-campo-da-floresta-e-das-aguas\/","title":{"rendered":"Marcha das Margaridas celebra 20 anos em defesa das mulheres do campo, da floresta e das \u00e1guas"},"content":{"rendered":"<p>O movimento \u00e9 inspirado pela hist\u00f3ria de luta da trabalhadora rural e l\u00edder sindical, Margarida Maria Alves, assassinada por latifundi\u00e1rios do estado da Para\u00edba, no Brasil, em 1983. Margarida denunciava abusos e viola\u00e7\u00f5es dos direitos de trabalhadoras e trabalhadores rurais cometidos por fazendeiros e usineiros que detinham o poder econ\u00f3mico e pol\u00edtico na regi\u00e3o.<\/p>\n<p>O Ato Comemorativo da Marcha das Margaridas lembrou e homenageou a maior a\u00e7\u00e3o de massa de mulheres do campo, da floresta e das \u00e1guas.<\/p>\n<p>Veja mais em: <a href=\"http:\/\/www.contag.org.br\/index.php?modulo=portal&amp;acao=interna&amp;codpag=101&amp;id=14079&amp;nw=1&amp;mt=1&amp;in=1&amp;fbclid=IwAR2SmAKBPd1hD4SDvx2NpaOJLaf5P87zBz-TdvuHamLOlyPKx3VOcU4Upus\">http:\/\/www.contag.org.br\/index.php?modulo=portal&amp;acao=interna&amp;codpag=101&amp;id=14079&amp;nw=1&amp;mt=1&amp;in=1&amp;fbclid=IwAR2SmAKBPd1hD4SDvx2NpaOJLaf5P87zBz-TdvuHamLOlyPKx3VOcU4Upus<\/a><\/p>\n","protected":false},"excerpt":{"rendered":"<p>O movimento \u00e9 inspirado pela hist\u00f3ria de [&hellip;]<\/p>\n","protected":false},"author":2,"featured_media":3979,"comment_status":"closed","ping_status":"open","sticky":false,"template":"","format":"standard","meta":[],"categories":[1],"tags":[],"yoast_head":"<!-- This site is optimized with the Yoast SEO plugin v15.2.1 - https:\/\/yoast.com\/wordpress\/plugins\/seo\/ -->\n<title>Marcha das Margaridas celebra 20 anos em defesa das mulheres do campo, da floresta e das \u00e1guas | Alimenta CPLP!<\/title>\n<meta name=\"robots\" content=\"index, follow, max-snippet:-1, max-image-preview:large, max-video-preview:-1\" \/>\n<link rel=\"canonical\" href=\"https:\/\/alimentacplp.com\/home\/2020\/08\/17\/marcha-das-margaridas-celebra-20-anos-em-defesa-das-mulheres-do-campo-da-floresta-e-das-aguas\/\" \/>\n<meta property=\"og:locale\" content=\"pt_BR\" \/>\n<meta property=\"og:type\" content=\"article\" \/>\n<meta property=\"og:title\" content=\"Marcha das Margaridas celebra 20 anos em defesa das mulheres do campo, da floresta e das \u00e1guas | Alimenta CPLP!\" \/>\n<meta property=\"og:description\" content=\"O movimento \u00e9 inspirado pela hist\u00f3ria de [&hellip;]\" \/>\n<meta property=\"og:url\" content=\"https:\/\/alimentacplp.com\/home\/2020\/08\/17\/marcha-das-margaridas-celebra-20-anos-em-defesa-das-mulheres-do-campo-da-floresta-e-das-aguas\/\" \/>\n<meta property=\"og:site_name\" content=\"Alimenta CPLP!\" \/>\n<meta property=\"article:publisher\" content=\"https:\/\/www.facebook.com\/Alimenta-CPLP-114985186857112\/\" \/>\n<meta property=\"article:published_time\" content=\"2020-08-17T14:17:42+00:00\" \/>\n<meta property=\"article:modified_time\" content=\"2020-08-17T15:33:52+00:00\" \/>\n<meta property=\"og:image\" content=\"https:\/\/alimentacplp.com\/wp-content\/uploads\/2020\/08\/foto-margaridas.jpg\" \/>\n\t<meta property=\"og:image:width\" content=\"942\" \/>\n\t<meta property=\"og:image:height\" content=\"727\" \/>\n<meta name=\"twitter:card\" content=\"summary_large_image\" \/>\n<meta name=\"twitter:label1\" content=\"Written by\">\n\t<meta name=\"twitter:data1\" content=\"Alimenta CPLP\">\n\t<meta name=\"twitter:label2\" content=\"Est. reading time\">\n\t<meta name=\"twitter:data2\" content=\"0 minuto\">\n<script type=\"application\/ld+json\" class=\"yoast-schema-graph\">{\"@context\":\"https:\/\/schema.org\",\"@graph\":[{\"@type\":\"WebSite\",\"@id\":\"https:\/\/alimentacplp.com\/home\/#website\",\"url\":\"https:\/\/alimentacplp.com\/home\/\",\"name\":\"Alimenta CPLP!\",\"description\":\"Observat\\u00f3rio COVID-19 CPLP\",\"potentialAction\":[{\"@type\":\"SearchAction\",\"target\":\"https:\/\/alimentacplp.com\/home\/?s={search_term_string}\",\"query-input\":\"required name=search_term_string\"}],\"inLanguage\":\"pt-BR\"},{\"@type\":\"ImageObject\",\"@id\":\"https:\/\/alimentacplp.com\/home\/2020\/08\/17\/marcha-das-margaridas-celebra-20-anos-em-defesa-das-mulheres-do-campo-da-floresta-e-das-aguas\/#primaryimage\",\"inLanguage\":\"pt-BR\",\"url\":\"https:\/\/alimentacplp.com\/wp-content\/uploads\/2020\/08\/foto-margaridas.jpg\",\"width\":942,\"height\":727},{\"@type\":\"WebPage\",\"@id\":\"https:\/\/alimentacplp.com\/home\/2020\/08\/17\/marcha-das-margaridas-celebra-20-anos-em-defesa-das-mulheres-do-campo-da-floresta-e-das-aguas\/#webpage\",\"url\":\"https:\/\/alimentacplp.com\/home\/2020\/08\/17\/marcha-das-margaridas-celebra-20-anos-em-defesa-das-mulheres-do-campo-da-floresta-e-das-aguas\/\",\"name\":\"Marcha das Margaridas celebra 20 anos em defesa das mulheres do campo, da floresta e das \\u00e1guas | Alimenta CPLP!\",\"isPartOf\":{\"@id\":\"https:\/\/alimentacplp.com\/home\/#website\"},\"primaryImageOfPage\":{\"@id\":\"https:\/\/alimentacplp.com\/home\/2020\/08\/17\/marcha-das-margaridas-celebra-20-anos-em-defesa-das-mulheres-do-campo-da-floresta-e-das-aguas\/#primaryimage\"},\"datePublished\":\"2020-08-17T14:17:42+00:00\",\"dateModified\":\"2020-08-17T15:33:52+00:00\",\"author\":{\"@id\":\"https:\/\/alimentacplp.com\/home\/#\/schema\/person\/c6d7e6e0e6225ea6326dc847d0bb1b34\"},\"inLanguage\":\"pt-BR\",\"potentialAction\":[{\"@type\":\"ReadAction\",\"target\":[\"https:\/\/alimentacplp.com\/home\/2020\/08\/17\/marcha-das-margaridas-celebra-20-anos-em-defesa-das-mulheres-do-campo-da-floresta-e-das-aguas\/\"]}]},{\"@type\":\"Person\",\"@id\":\"https:\/\/alimentacplp.com\/home\/#\/schema\/person\/c6d7e6e0e6225ea6326dc847d0bb1b34\",\"name\":\"Alimenta CPLP\",\"image\":{\"@type\":\"ImageObject\",\"@id\":\"https:\/\/alimentacplp.com\/home\/#personlogo\",\"inLanguage\":\"pt-BR\",\"url\":\"https:\/\/secure.gravatar.com\/avatar\/6ea32ca320819dda6d6f2d89f3d50639?s=96&d=mm&r=g\",\"caption\":\"Alimenta CPLP\"},\"description\":\"Esta plataforma est\\u00e1 aberta a todas as organiza\\u00e7\\u00f5es da sociedade civil, academia, setor privado e governos dos Estados \\u2013 Membro da Comunidade de Pa\\u00edses de L\\u00edngua Portuguesa e \\u00e9 facilitada tecnicamente pela ACTUAR \\u2013 Associa\\u00e7\\u00e3o para a Coopera\\u00e7\\u00e3o e Desenvolvimento. Para contatar a equipe do site entre em contato.\"}]}<\/script>\n<!-- \/ Yoast SEO plugin. -->","_links":{"self":[{"href":"https:\/\/alimentacplp.com\/home\/wp-json\/wp\/v2\/posts\/3984"}],"collection":[{"href":"https:\/\/alimentacplp.com\/home\/wp-json\/wp\/v2\/posts"}],"about":[{"href":"https:\/\/alimentacplp.com\/home\/wp-json\/wp\/v2\/types\/post"}],"author":[{"embeddable":true,"href":"https:\/\/alimentacplp.com\/home\/wp-json\/wp\/v2\/users\/2"}],"replies":[{"embeddable":true,"href":"https:\/\/alimentacplp.com\/home\/wp-json\/wp\/v2\/comments?post=3984"}],"version-history":[{"count":2,"href":"https:\/\/alimentacplp.com\/home\/wp-json\/wp\/v2\/posts\/3984\/revisions"}],"predecessor-version":[{"id":3999,"href":"https:\/\/alimentacplp.com\/home\/wp-json\/wp\/v2\/posts\/3984\/revisions\/3999"}],"wp:featuredmedia":[{"embeddable":true,"href":"https:\/\/alimentacplp.com\/home\/wp-json\/wp\/v2\/media\/3979"}],"wp:attachment":[{"href":"https:\/\/alimentacplp.com\/home\/wp-json\/wp\/v2\/media?parent=3984"}],"wp:term":[{"taxonomy":"category","embeddable":true,"href":"https:\/\/alimentacplp.com\/home\/wp-json\/wp\/v2\/categories?post=3984"},{"taxonomy":"post_tag","embeddable":true,"href":"https:\/\/alimentacplp.com\/home\/wp-json\/wp\/v2\/tags?post=3984"}],"curies":[{"name":"wp","href":"https:\/\/api.w.org\/{rel}","templated":true}]}}