{"id":4073,"date":"2020-09-03T15:19:18","date_gmt":"2020-09-03T14:19:18","guid":{"rendered":"https:\/\/alimentacplp.com\/home\/?p=4073"},"modified":"2020-09-03T15:19:18","modified_gmt":"2020-09-03T14:19:18","slug":"pandemia-vai-acelerar-e-aumentar-a-pobreza-a-subnutricao-e-a-fome-alerta-especialista-em-sistemas-alimentares-das-nacoes-unidas","status":"publish","type":"post","link":"https:\/\/alimentacplp.com\/home\/2020\/09\/03\/pandemia-vai-acelerar-e-aumentar-a-pobreza-a-subnutricao-e-a-fome-alerta-especialista-em-sistemas-alimentares-das-nacoes-unidas\/","title":{"rendered":"Pandemia vai \u201cacelerar e aumentar\u201d a pobreza, a subnutri\u00e7\u00e3o e a fome, alerta especialista em sistemas alimentares das Na\u00e7\u00f5es Unidas"},"content":{"rendered":"<p>Tendo presente a situa\u00e7\u00e3o no mundo e em particular nos pa\u00edses da CPLP, Francisco Sarmento, ex-representante da FAO em Portugal e especialista em sistemas alimentares das Na\u00e7\u00f5es Unidas, refere que \u201cpoder\u00edamos estar a considerar no m\u00ednimo cerca de 25 milh\u00f5es de pessoas que poderiam vir a estar \u00e0 beira da fome, mas esse n\u00famero poderia atingir facilmente 50 milh\u00f5es do conjunto dos pa\u00edses em fun\u00e7\u00e3o das consequ\u00eancias da pandemia\u201d.<\/p>\n<p>Veja mais em: <a href=\"https:\/\/www.vaticannews.va\/pt\/mundo\/news\/2020-08\/francisco-sarmento-ex-representante-fao-portugal-cplp-pandemia.html\">https:\/\/www.vaticannews.va\/pt\/mundo\/news\/2020-08\/francisco-sarmento-ex-representante-fao-portugal-cplp-pandemia.html<\/a><\/p>\n","protected":false},"excerpt":{"rendered":"<p>Tendo presente a situa\u00e7\u00e3o no mundo e [&hellip;]<\/p>\n","protected":false},"author":2,"featured_media":3955,"comment_status":"closed","ping_status":"open","sticky":false,"template":"","format":"standard","meta":[],"categories":[1],"tags":[],"yoast_head":"<!-- This site is optimized with the Yoast SEO plugin v15.2.1 - https:\/\/yoast.com\/wordpress\/plugins\/seo\/ -->\n<title>Pandemia vai \u201cacelerar e aumentar\u201d a pobreza, a subnutri\u00e7\u00e3o e a fome, alerta especialista em sistemas alimentares das Na\u00e7\u00f5es Unidas | Alimenta CPLP!<\/title>\n<meta name=\"robots\" content=\"index, follow, max-snippet:-1, max-image-preview:large, max-video-preview:-1\" \/>\n<link rel=\"canonical\" href=\"https:\/\/alimentacplp.com\/home\/2020\/09\/03\/pandemia-vai-acelerar-e-aumentar-a-pobreza-a-subnutricao-e-a-fome-alerta-especialista-em-sistemas-alimentares-das-nacoes-unidas\/\" \/>\n<meta property=\"og:locale\" content=\"pt_BR\" \/>\n<meta property=\"og:type\" content=\"article\" \/>\n<meta property=\"og:title\" content=\"Pandemia vai \u201cacelerar e aumentar\u201d a pobreza, a subnutri\u00e7\u00e3o e a fome, alerta especialista em sistemas alimentares das Na\u00e7\u00f5es Unidas | Alimenta CPLP!\" \/>\n<meta property=\"og:description\" content=\"Tendo presente a situa\u00e7\u00e3o no mundo e [&hellip;]\" \/>\n<meta property=\"og:url\" content=\"https:\/\/alimentacplp.com\/home\/2020\/09\/03\/pandemia-vai-acelerar-e-aumentar-a-pobreza-a-subnutricao-e-a-fome-alerta-especialista-em-sistemas-alimentares-das-nacoes-unidas\/\" \/>\n<meta property=\"og:site_name\" content=\"Alimenta CPLP!\" \/>\n<meta property=\"article:publisher\" content=\"https:\/\/www.facebook.com\/Alimenta-CPLP-114985186857112\/\" \/>\n<meta property=\"article:published_time\" content=\"2020-09-03T14:19:18+00:00\" \/>\n<meta property=\"og:image\" content=\"https:\/\/alimentacplp.com\/wp-content\/uploads\/2020\/08\/farmer-2260636_1920.jpg\" \/>\n\t<meta property=\"og:image:width\" content=\"1920\" \/>\n\t<meta property=\"og:image:height\" content=\"1080\" \/>\n<meta name=\"twitter:card\" content=\"summary_large_image\" \/>\n<meta name=\"twitter:label1\" content=\"Written by\">\n\t<meta name=\"twitter:data1\" content=\"Alimenta CPLP\">\n\t<meta name=\"twitter:label2\" content=\"Est. reading time\">\n\t<meta name=\"twitter:data2\" content=\"0 minuto\">\n<script type=\"application\/ld+json\" class=\"yoast-schema-graph\">{\"@context\":\"https:\/\/schema.org\",\"@graph\":[{\"@type\":\"WebSite\",\"@id\":\"https:\/\/alimentacplp.com\/home\/#website\",\"url\":\"https:\/\/alimentacplp.com\/home\/\",\"name\":\"Alimenta CPLP!\",\"description\":\"Observat\\u00f3rio COVID-19 CPLP\",\"potentialAction\":[{\"@type\":\"SearchAction\",\"target\":\"https:\/\/alimentacplp.com\/home\/?s={search_term_string}\",\"query-input\":\"required name=search_term_string\"}],\"inLanguage\":\"pt-BR\"},{\"@type\":\"ImageObject\",\"@id\":\"https:\/\/alimentacplp.com\/home\/2020\/09\/03\/pandemia-vai-acelerar-e-aumentar-a-pobreza-a-subnutricao-e-a-fome-alerta-especialista-em-sistemas-alimentares-das-nacoes-unidas\/#primaryimage\",\"inLanguage\":\"pt-BR\",\"url\":\"https:\/\/alimentacplp.com\/wp-content\/uploads\/2020\/08\/farmer-2260636_1920.jpg\",\"width\":1920,\"height\":1080},{\"@type\":\"WebPage\",\"@id\":\"https:\/\/alimentacplp.com\/home\/2020\/09\/03\/pandemia-vai-acelerar-e-aumentar-a-pobreza-a-subnutricao-e-a-fome-alerta-especialista-em-sistemas-alimentares-das-nacoes-unidas\/#webpage\",\"url\":\"https:\/\/alimentacplp.com\/home\/2020\/09\/03\/pandemia-vai-acelerar-e-aumentar-a-pobreza-a-subnutricao-e-a-fome-alerta-especialista-em-sistemas-alimentares-das-nacoes-unidas\/\",\"name\":\"Pandemia vai \\u201cacelerar e aumentar\\u201d a pobreza, a subnutri\\u00e7\\u00e3o e a fome, alerta especialista em sistemas alimentares das Na\\u00e7\\u00f5es Unidas | Alimenta CPLP!\",\"isPartOf\":{\"@id\":\"https:\/\/alimentacplp.com\/home\/#website\"},\"primaryImageOfPage\":{\"@id\":\"https:\/\/alimentacplp.com\/home\/2020\/09\/03\/pandemia-vai-acelerar-e-aumentar-a-pobreza-a-subnutricao-e-a-fome-alerta-especialista-em-sistemas-alimentares-das-nacoes-unidas\/#primaryimage\"},\"datePublished\":\"2020-09-03T14:19:18+00:00\",\"dateModified\":\"2020-09-03T14:19:18+00:00\",\"author\":{\"@id\":\"https:\/\/alimentacplp.com\/home\/#\/schema\/person\/c6d7e6e0e6225ea6326dc847d0bb1b34\"},\"inLanguage\":\"pt-BR\",\"potentialAction\":[{\"@type\":\"ReadAction\",\"target\":[\"https:\/\/alimentacplp.com\/home\/2020\/09\/03\/pandemia-vai-acelerar-e-aumentar-a-pobreza-a-subnutricao-e-a-fome-alerta-especialista-em-sistemas-alimentares-das-nacoes-unidas\/\"]}]},{\"@type\":\"Person\",\"@id\":\"https:\/\/alimentacplp.com\/home\/#\/schema\/person\/c6d7e6e0e6225ea6326dc847d0bb1b34\",\"name\":\"Alimenta CPLP\",\"image\":{\"@type\":\"ImageObject\",\"@id\":\"https:\/\/alimentacplp.com\/home\/#personlogo\",\"inLanguage\":\"pt-BR\",\"url\":\"https:\/\/secure.gravatar.com\/avatar\/6ea32ca320819dda6d6f2d89f3d50639?s=96&d=mm&r=g\",\"caption\":\"Alimenta CPLP\"},\"description\":\"Esta plataforma est\\u00e1 aberta a todas as organiza\\u00e7\\u00f5es da sociedade civil, academia, setor privado e governos dos Estados \\u2013 Membro da Comunidade de Pa\\u00edses de L\\u00edngua Portuguesa e \\u00e9 facilitada tecnicamente pela ACTUAR \\u2013 Associa\\u00e7\\u00e3o para a Coopera\\u00e7\\u00e3o e Desenvolvimento. Para contatar a equipe do site entre em contato.\"}]}<\/script>\n<!-- \/ Yoast SEO plugin. -->","_links":{"self":[{"href":"https:\/\/alimentacplp.com\/home\/wp-json\/wp\/v2\/posts\/4073"}],"collection":[{"href":"https:\/\/alimentacplp.com\/home\/wp-json\/wp\/v2\/posts"}],"about":[{"href":"https:\/\/alimentacplp.com\/home\/wp-json\/wp\/v2\/types\/post"}],"author":[{"embeddable":true,"href":"https:\/\/alimentacplp.com\/home\/wp-json\/wp\/v2\/users\/2"}],"replies":[{"embeddable":true,"href":"https:\/\/alimentacplp.com\/home\/wp-json\/wp\/v2\/comments?post=4073"}],"version-history":[{"count":1,"href":"https:\/\/alimentacplp.com\/home\/wp-json\/wp\/v2\/posts\/4073\/revisions"}],"predecessor-version":[{"id":4074,"href":"https:\/\/alimentacplp.com\/home\/wp-json\/wp\/v2\/posts\/4073\/revisions\/4074"}],"wp:featuredmedia":[{"embeddable":true,"href":"https:\/\/alimentacplp.com\/home\/wp-json\/wp\/v2\/media\/3955"}],"wp:attachment":[{"href":"https:\/\/alimentacplp.com\/home\/wp-json\/wp\/v2\/media?parent=4073"}],"wp:term":[{"taxonomy":"category","embeddable":true,"href":"https:\/\/alimentacplp.com\/home\/wp-json\/wp\/v2\/categories?post=4073"},{"taxonomy":"post_tag","embeddable":true,"href":"https:\/\/alimentacplp.com\/home\/wp-json\/wp\/v2\/tags?post=4073"}],"curies":[{"name":"wp","href":"https:\/\/api.w.org\/{rel}","templated":true}]}}