{"id":4096,"date":"2020-09-08T16:02:34","date_gmt":"2020-09-08T15:02:34","guid":{"rendered":"https:\/\/alimentacplp.com\/home\/?p=4096"},"modified":"2020-09-08T16:02:34","modified_gmt":"2020-09-08T15:02:34","slug":"brasil-fao-registra-alta-pelo-terceiro-mes-consecutivo-no-preco-dos-alimentos","status":"publish","type":"post","link":"https:\/\/alimentacplp.com\/home\/2020\/09\/08\/brasil-fao-registra-alta-pelo-terceiro-mes-consecutivo-no-preco-dos-alimentos\/","title":{"rendered":"Brasil: FAO registra alta pelo terceiro m\u00eas consecutivo no pre\u00e7o dos alimentos"},"content":{"rendered":"<p>A ag\u00eancia da ONU lan\u00e7ou o \u00cdndice de Pre\u00e7os de Alimentos que atribui o aumento pelo terceiro m\u00eas consecutivo aos cereais, oleaginosas e ao a\u00e7\u00facar.<\/p>\n<p>Ver mais em:<a href=\"https:\/\/news.un.org\/pt\/story\/2020\/09\/1725152\"> https:\/\/news.un.org\/pt\/story\/2020\/09\/1725152<\/a><\/p>\n","protected":false},"excerpt":{"rendered":"<p>A ag\u00eancia da ONU lan\u00e7ou o \u00cdndice [&hellip;]<\/p>\n","protected":false},"author":2,"featured_media":4097,"comment_status":"closed","ping_status":"open","sticky":false,"template":"","format":"standard","meta":[],"categories":[1],"tags":[],"yoast_head":"<!-- This site is optimized with the Yoast SEO plugin v15.2.1 - https:\/\/yoast.com\/wordpress\/plugins\/seo\/ -->\n<title>Brasil: FAO registra alta pelo terceiro m\u00eas consecutivo no pre\u00e7o dos alimentos | Alimenta CPLP!<\/title>\n<meta name=\"robots\" content=\"index, follow, max-snippet:-1, max-image-preview:large, max-video-preview:-1\" \/>\n<link rel=\"canonical\" href=\"https:\/\/alimentacplp.com\/home\/2020\/09\/08\/brasil-fao-registra-alta-pelo-terceiro-mes-consecutivo-no-preco-dos-alimentos\/\" \/>\n<meta property=\"og:locale\" content=\"pt_BR\" \/>\n<meta property=\"og:type\" content=\"article\" \/>\n<meta property=\"og:title\" content=\"Brasil: FAO registra alta pelo terceiro m\u00eas consecutivo no pre\u00e7o dos alimentos | Alimenta CPLP!\" \/>\n<meta property=\"og:description\" content=\"A ag\u00eancia da ONU lan\u00e7ou o \u00cdndice [&hellip;]\" \/>\n<meta property=\"og:url\" content=\"https:\/\/alimentacplp.com\/home\/2020\/09\/08\/brasil-fao-registra-alta-pelo-terceiro-mes-consecutivo-no-preco-dos-alimentos\/\" \/>\n<meta property=\"og:site_name\" content=\"Alimenta CPLP!\" \/>\n<meta property=\"article:publisher\" content=\"https:\/\/www.facebook.com\/Alimenta-CPLP-114985186857112\/\" \/>\n<meta property=\"article:published_time\" content=\"2020-09-08T15:02:34+00:00\" \/>\n<meta property=\"og:image\" content=\"https:\/\/alimentacplp.com\/wp-content\/uploads\/2020\/09\/foto-maca.jpg\" \/>\n\t<meta property=\"og:image:width\" content=\"1920\" \/>\n\t<meta property=\"og:image:height\" content=\"1280\" \/>\n<meta name=\"twitter:card\" content=\"summary_large_image\" \/>\n<meta name=\"twitter:label1\" content=\"Written by\">\n\t<meta name=\"twitter:data1\" content=\"Alimenta CPLP\">\n\t<meta name=\"twitter:label2\" content=\"Est. reading time\">\n\t<meta name=\"twitter:data2\" content=\"0 minuto\">\n<script type=\"application\/ld+json\" class=\"yoast-schema-graph\">{\"@context\":\"https:\/\/schema.org\",\"@graph\":[{\"@type\":\"WebSite\",\"@id\":\"https:\/\/alimentacplp.com\/home\/#website\",\"url\":\"https:\/\/alimentacplp.com\/home\/\",\"name\":\"Alimenta CPLP!\",\"description\":\"Observat\\u00f3rio COVID-19 CPLP\",\"potentialAction\":[{\"@type\":\"SearchAction\",\"target\":\"https:\/\/alimentacplp.com\/home\/?s={search_term_string}\",\"query-input\":\"required name=search_term_string\"}],\"inLanguage\":\"pt-BR\"},{\"@type\":\"ImageObject\",\"@id\":\"https:\/\/alimentacplp.com\/home\/2020\/09\/08\/brasil-fao-registra-alta-pelo-terceiro-mes-consecutivo-no-preco-dos-alimentos\/#primaryimage\",\"inLanguage\":\"pt-BR\",\"url\":\"https:\/\/alimentacplp.com\/wp-content\/uploads\/2020\/09\/foto-maca.jpg\",\"width\":1920,\"height\":1280},{\"@type\":\"WebPage\",\"@id\":\"https:\/\/alimentacplp.com\/home\/2020\/09\/08\/brasil-fao-registra-alta-pelo-terceiro-mes-consecutivo-no-preco-dos-alimentos\/#webpage\",\"url\":\"https:\/\/alimentacplp.com\/home\/2020\/09\/08\/brasil-fao-registra-alta-pelo-terceiro-mes-consecutivo-no-preco-dos-alimentos\/\",\"name\":\"Brasil: FAO registra alta pelo terceiro m\\u00eas consecutivo no pre\\u00e7o dos alimentos | Alimenta CPLP!\",\"isPartOf\":{\"@id\":\"https:\/\/alimentacplp.com\/home\/#website\"},\"primaryImageOfPage\":{\"@id\":\"https:\/\/alimentacplp.com\/home\/2020\/09\/08\/brasil-fao-registra-alta-pelo-terceiro-mes-consecutivo-no-preco-dos-alimentos\/#primaryimage\"},\"datePublished\":\"2020-09-08T15:02:34+00:00\",\"dateModified\":\"2020-09-08T15:02:34+00:00\",\"author\":{\"@id\":\"https:\/\/alimentacplp.com\/home\/#\/schema\/person\/c6d7e6e0e6225ea6326dc847d0bb1b34\"},\"inLanguage\":\"pt-BR\",\"potentialAction\":[{\"@type\":\"ReadAction\",\"target\":[\"https:\/\/alimentacplp.com\/home\/2020\/09\/08\/brasil-fao-registra-alta-pelo-terceiro-mes-consecutivo-no-preco-dos-alimentos\/\"]}]},{\"@type\":\"Person\",\"@id\":\"https:\/\/alimentacplp.com\/home\/#\/schema\/person\/c6d7e6e0e6225ea6326dc847d0bb1b34\",\"name\":\"Alimenta CPLP\",\"image\":{\"@type\":\"ImageObject\",\"@id\":\"https:\/\/alimentacplp.com\/home\/#personlogo\",\"inLanguage\":\"pt-BR\",\"url\":\"https:\/\/secure.gravatar.com\/avatar\/6ea32ca320819dda6d6f2d89f3d50639?s=96&d=mm&r=g\",\"caption\":\"Alimenta CPLP\"},\"description\":\"Esta plataforma est\\u00e1 aberta a todas as organiza\\u00e7\\u00f5es da sociedade civil, academia, setor privado e governos dos Estados \\u2013 Membro da Comunidade de Pa\\u00edses de L\\u00edngua Portuguesa e \\u00e9 facilitada tecnicamente pela ACTUAR \\u2013 Associa\\u00e7\\u00e3o para a Coopera\\u00e7\\u00e3o e Desenvolvimento. Para contatar a equipe do site entre em contato.\"}]}<\/script>\n<!-- \/ Yoast SEO plugin. -->","_links":{"self":[{"href":"https:\/\/alimentacplp.com\/home\/wp-json\/wp\/v2\/posts\/4096"}],"collection":[{"href":"https:\/\/alimentacplp.com\/home\/wp-json\/wp\/v2\/posts"}],"about":[{"href":"https:\/\/alimentacplp.com\/home\/wp-json\/wp\/v2\/types\/post"}],"author":[{"embeddable":true,"href":"https:\/\/alimentacplp.com\/home\/wp-json\/wp\/v2\/users\/2"}],"replies":[{"embeddable":true,"href":"https:\/\/alimentacplp.com\/home\/wp-json\/wp\/v2\/comments?post=4096"}],"version-history":[{"count":1,"href":"https:\/\/alimentacplp.com\/home\/wp-json\/wp\/v2\/posts\/4096\/revisions"}],"predecessor-version":[{"id":4098,"href":"https:\/\/alimentacplp.com\/home\/wp-json\/wp\/v2\/posts\/4096\/revisions\/4098"}],"wp:featuredmedia":[{"embeddable":true,"href":"https:\/\/alimentacplp.com\/home\/wp-json\/wp\/v2\/media\/4097"}],"wp:attachment":[{"href":"https:\/\/alimentacplp.com\/home\/wp-json\/wp\/v2\/media?parent=4096"}],"wp:term":[{"taxonomy":"category","embeddable":true,"href":"https:\/\/alimentacplp.com\/home\/wp-json\/wp\/v2\/categories?post=4096"},{"taxonomy":"post_tag","embeddable":true,"href":"https:\/\/alimentacplp.com\/home\/wp-json\/wp\/v2\/tags?post=4096"}],"curies":[{"name":"wp","href":"https:\/\/api.w.org\/{rel}","templated":true}]}}