{"id":4103,"date":"2020-09-11T16:18:45","date_gmt":"2020-09-11T15:18:45","guid":{"rendered":"https:\/\/alimentacplp.com\/home\/?p=4103"},"modified":"2020-09-11T16:18:45","modified_gmt":"2020-09-11T15:18:45","slug":"a-receita-solidaria-e-politica-do-mst-contra-a-fome","status":"publish","type":"post","link":"https:\/\/alimentacplp.com\/home\/2020\/09\/11\/a-receita-solidaria-e-politica-do-mst-contra-a-fome\/","title":{"rendered":"A receita solid\u00e1ria (e pol\u00edtica) do MST contra a fome"},"content":{"rendered":"<p>&#8220;Estas redes t\u00eam rela\u00e7\u00e3o direta com processos pol\u00edticos mais profundos ao trazer sinais de luta pela soberania alimentar, pela democracia e pela participa\u00e7\u00e3o social; e tamb\u00e9m por questionar as formas tradicionais da ajuda humanit\u00e1ria. Os significados desses v\u00ednculos constitu\u00eddos nessas bases podem contribuir na nossa luta antirracista, na luta por igualdade de direito das mulheres e m\u00faltiplos significados\u201d, afirma Maria Em\u00edlia Pacheco, assessora da ONG Fase, integrante da Articula\u00e7\u00e3o Nacional de Agroecologia (ABA) e do F\u00f3rum Brasileiro de Soberania e Seguran\u00e7a Alimentar e Nutricional (FBSSAN).<\/p>\n<p>Veja mais em: <a href=\"https:\/\/outraspalavras.net\/alemdamercadoria\/a-receita-solidaria-e-politica-do-mst-contra-a-fome\/\">https:\/\/outraspalavras.net\/alemdamercadoria\/a-receita-solidaria-e-politica-do-mst-contra-a-fome\/<\/a><\/p>\n","protected":false},"excerpt":{"rendered":"<p>&#8220;Estas redes t\u00eam rela\u00e7\u00e3o direta com processos [&hellip;]<\/p>\n","protected":false},"author":2,"featured_media":4105,"comment_status":"closed","ping_status":"open","sticky":false,"template":"","format":"standard","meta":[],"categories":[1],"tags":[],"yoast_head":"<!-- This site is optimized with the Yoast SEO plugin v15.2.1 - https:\/\/yoast.com\/wordpress\/plugins\/seo\/ -->\n<title>A receita solid\u00e1ria (e pol\u00edtica) do MST contra a fome | Alimenta CPLP!<\/title>\n<meta name=\"robots\" content=\"index, follow, max-snippet:-1, max-image-preview:large, max-video-preview:-1\" \/>\n<link rel=\"canonical\" href=\"https:\/\/alimentacplp.com\/home\/2020\/09\/11\/a-receita-solidaria-e-politica-do-mst-contra-a-fome\/\" \/>\n<meta property=\"og:locale\" content=\"pt_BR\" \/>\n<meta property=\"og:type\" content=\"article\" \/>\n<meta property=\"og:title\" content=\"A receita solid\u00e1ria (e pol\u00edtica) do MST contra a fome | Alimenta CPLP!\" \/>\n<meta property=\"og:description\" content=\"&#8220;Estas redes t\u00eam rela\u00e7\u00e3o direta com processos [&hellip;]\" \/>\n<meta property=\"og:url\" content=\"https:\/\/alimentacplp.com\/home\/2020\/09\/11\/a-receita-solidaria-e-politica-do-mst-contra-a-fome\/\" \/>\n<meta property=\"og:site_name\" content=\"Alimenta CPLP!\" \/>\n<meta property=\"article:publisher\" content=\"https:\/\/www.facebook.com\/Alimenta-CPLP-114985186857112\/\" \/>\n<meta property=\"article:published_time\" content=\"2020-09-11T15:18:45+00:00\" \/>\n<meta property=\"og:image\" content=\"https:\/\/alimentacplp.com\/wp-content\/uploads\/2020\/09\/Credito_-Wellington-Lenon.jpg\" \/>\n\t<meta property=\"og:image:width\" content=\"1080\" \/>\n\t<meta property=\"og:image:height\" content=\"1080\" \/>\n<meta name=\"twitter:card\" content=\"summary_large_image\" \/>\n<meta name=\"twitter:label1\" content=\"Written by\">\n\t<meta name=\"twitter:data1\" content=\"Alimenta CPLP\">\n\t<meta name=\"twitter:label2\" content=\"Est. reading time\">\n\t<meta name=\"twitter:data2\" content=\"0 minuto\">\n<script type=\"application\/ld+json\" class=\"yoast-schema-graph\">{\"@context\":\"https:\/\/schema.org\",\"@graph\":[{\"@type\":\"WebSite\",\"@id\":\"https:\/\/alimentacplp.com\/home\/#website\",\"url\":\"https:\/\/alimentacplp.com\/home\/\",\"name\":\"Alimenta CPLP!\",\"description\":\"Observat\\u00f3rio COVID-19 CPLP\",\"potentialAction\":[{\"@type\":\"SearchAction\",\"target\":\"https:\/\/alimentacplp.com\/home\/?s={search_term_string}\",\"query-input\":\"required name=search_term_string\"}],\"inLanguage\":\"pt-BR\"},{\"@type\":\"ImageObject\",\"@id\":\"https:\/\/alimentacplp.com\/home\/2020\/09\/11\/a-receita-solidaria-e-politica-do-mst-contra-a-fome\/#primaryimage\",\"inLanguage\":\"pt-BR\",\"url\":\"https:\/\/alimentacplp.com\/wp-content\/uploads\/2020\/09\/Credito_-Wellington-Lenon.jpg\",\"width\":1080,\"height\":1080},{\"@type\":\"WebPage\",\"@id\":\"https:\/\/alimentacplp.com\/home\/2020\/09\/11\/a-receita-solidaria-e-politica-do-mst-contra-a-fome\/#webpage\",\"url\":\"https:\/\/alimentacplp.com\/home\/2020\/09\/11\/a-receita-solidaria-e-politica-do-mst-contra-a-fome\/\",\"name\":\"A receita solid\\u00e1ria (e pol\\u00edtica) do MST contra a fome | Alimenta CPLP!\",\"isPartOf\":{\"@id\":\"https:\/\/alimentacplp.com\/home\/#website\"},\"primaryImageOfPage\":{\"@id\":\"https:\/\/alimentacplp.com\/home\/2020\/09\/11\/a-receita-solidaria-e-politica-do-mst-contra-a-fome\/#primaryimage\"},\"datePublished\":\"2020-09-11T15:18:45+00:00\",\"dateModified\":\"2020-09-11T15:18:45+00:00\",\"author\":{\"@id\":\"https:\/\/alimentacplp.com\/home\/#\/schema\/person\/c6d7e6e0e6225ea6326dc847d0bb1b34\"},\"inLanguage\":\"pt-BR\",\"potentialAction\":[{\"@type\":\"ReadAction\",\"target\":[\"https:\/\/alimentacplp.com\/home\/2020\/09\/11\/a-receita-solidaria-e-politica-do-mst-contra-a-fome\/\"]}]},{\"@type\":\"Person\",\"@id\":\"https:\/\/alimentacplp.com\/home\/#\/schema\/person\/c6d7e6e0e6225ea6326dc847d0bb1b34\",\"name\":\"Alimenta CPLP\",\"image\":{\"@type\":\"ImageObject\",\"@id\":\"https:\/\/alimentacplp.com\/home\/#personlogo\",\"inLanguage\":\"pt-BR\",\"url\":\"https:\/\/secure.gravatar.com\/avatar\/6ea32ca320819dda6d6f2d89f3d50639?s=96&d=mm&r=g\",\"caption\":\"Alimenta CPLP\"},\"description\":\"Esta plataforma est\\u00e1 aberta a todas as organiza\\u00e7\\u00f5es da sociedade civil, academia, setor privado e governos dos Estados \\u2013 Membro da Comunidade de Pa\\u00edses de L\\u00edngua Portuguesa e \\u00e9 facilitada tecnicamente pela ACTUAR \\u2013 Associa\\u00e7\\u00e3o para a Coopera\\u00e7\\u00e3o e Desenvolvimento. Para contatar a equipe do site entre em contato.\"}]}<\/script>\n<!-- \/ Yoast SEO plugin. -->","_links":{"self":[{"href":"https:\/\/alimentacplp.com\/home\/wp-json\/wp\/v2\/posts\/4103"}],"collection":[{"href":"https:\/\/alimentacplp.com\/home\/wp-json\/wp\/v2\/posts"}],"about":[{"href":"https:\/\/alimentacplp.com\/home\/wp-json\/wp\/v2\/types\/post"}],"author":[{"embeddable":true,"href":"https:\/\/alimentacplp.com\/home\/wp-json\/wp\/v2\/users\/2"}],"replies":[{"embeddable":true,"href":"https:\/\/alimentacplp.com\/home\/wp-json\/wp\/v2\/comments?post=4103"}],"version-history":[{"count":1,"href":"https:\/\/alimentacplp.com\/home\/wp-json\/wp\/v2\/posts\/4103\/revisions"}],"predecessor-version":[{"id":4106,"href":"https:\/\/alimentacplp.com\/home\/wp-json\/wp\/v2\/posts\/4103\/revisions\/4106"}],"wp:featuredmedia":[{"embeddable":true,"href":"https:\/\/alimentacplp.com\/home\/wp-json\/wp\/v2\/media\/4105"}],"wp:attachment":[{"href":"https:\/\/alimentacplp.com\/home\/wp-json\/wp\/v2\/media?parent=4103"}],"wp:term":[{"taxonomy":"category","embeddable":true,"href":"https:\/\/alimentacplp.com\/home\/wp-json\/wp\/v2\/categories?post=4103"},{"taxonomy":"post_tag","embeddable":true,"href":"https:\/\/alimentacplp.com\/home\/wp-json\/wp\/v2\/tags?post=4103"}],"curies":[{"name":"wp","href":"https:\/\/api.w.org\/{rel}","templated":true}]}}