{"id":4111,"date":"2020-09-11T17:58:55","date_gmt":"2020-09-11T16:58:55","guid":{"rendered":"https:\/\/alimentacplp.com\/home\/?p=4111"},"modified":"2020-09-11T17:58:55","modified_gmt":"2020-09-11T16:58:55","slug":"covid-19-relator-da-onu-diz-que-pandemia-devera-criar-mais-176-milhoes-de-pobres","status":"publish","type":"post","link":"https:\/\/alimentacplp.com\/home\/2020\/09\/11\/covid-19-relator-da-onu-diz-que-pandemia-devera-criar-mais-176-milhoes-de-pobres\/","title":{"rendered":"Covid-19: Relator da ONU diz que pandemia dever\u00e1 criar mais 176 milh\u00f5es de pobres"},"content":{"rendered":"<p>Um especialista em pobreza das Na\u00e7\u00f5es Unidas alertou hoje que o n\u00famero global de pobres pode aumentar em 176 milh\u00f5es devido ao impacto da covid-19, referindo que as medidas de prote\u00e7\u00e3o social tomadas pelos Governos s\u00e3o insuficientes.<\/p>\n<p>Veja mais em: <a href=\"https:\/\/www.lusa.pt\/article\/L_mU4g0jqcnpNz4sBQXVqjMSZM5iuSI1\/covid-19-relator-da-onu-diz-que-pandemia-dever%C3%A1-criar-mais-176-milh%C3%B5es-de-pobres\">https:\/\/www.lusa.pt\/article\/L_mU4g0jqcnpNz4sBQXVqjMSZM5iuSI1\/covid-19-relator-da-onu-diz-que-pandemia-dever%C3%A1-criar-mais-176-milh%C3%B5es-de-pobres<\/a><\/p>\n","protected":false},"excerpt":{"rendered":"<p>Um especialista em pobreza das Na\u00e7\u00f5es Unidas [&hellip;]<\/p>\n","protected":false},"author":2,"featured_media":3955,"comment_status":"closed","ping_status":"open","sticky":false,"template":"","format":"standard","meta":[],"categories":[1],"tags":[],"yoast_head":"<!-- This site is optimized with the Yoast SEO plugin v15.2.1 - https:\/\/yoast.com\/wordpress\/plugins\/seo\/ -->\n<title>Covid-19: Relator da ONU diz que pandemia dever\u00e1 criar mais 176 milh\u00f5es de pobres | Alimenta CPLP!<\/title>\n<meta name=\"robots\" content=\"index, follow, max-snippet:-1, max-image-preview:large, max-video-preview:-1\" \/>\n<link rel=\"canonical\" href=\"https:\/\/alimentacplp.com\/home\/2020\/09\/11\/covid-19-relator-da-onu-diz-que-pandemia-devera-criar-mais-176-milhoes-de-pobres\/\" \/>\n<meta property=\"og:locale\" content=\"pt_BR\" \/>\n<meta property=\"og:type\" content=\"article\" \/>\n<meta property=\"og:title\" content=\"Covid-19: Relator da ONU diz que pandemia dever\u00e1 criar mais 176 milh\u00f5es de pobres | Alimenta CPLP!\" \/>\n<meta property=\"og:description\" content=\"Um especialista em pobreza das Na\u00e7\u00f5es Unidas [&hellip;]\" \/>\n<meta property=\"og:url\" content=\"https:\/\/alimentacplp.com\/home\/2020\/09\/11\/covid-19-relator-da-onu-diz-que-pandemia-devera-criar-mais-176-milhoes-de-pobres\/\" \/>\n<meta property=\"og:site_name\" content=\"Alimenta CPLP!\" \/>\n<meta property=\"article:publisher\" content=\"https:\/\/www.facebook.com\/Alimenta-CPLP-114985186857112\/\" \/>\n<meta property=\"article:published_time\" content=\"2020-09-11T16:58:55+00:00\" \/>\n<meta property=\"og:image\" content=\"https:\/\/alimentacplp.com\/wp-content\/uploads\/2020\/08\/farmer-2260636_1920.jpg\" \/>\n\t<meta property=\"og:image:width\" content=\"1920\" \/>\n\t<meta property=\"og:image:height\" content=\"1080\" \/>\n<meta name=\"twitter:card\" content=\"summary_large_image\" \/>\n<meta name=\"twitter:label1\" content=\"Written by\">\n\t<meta name=\"twitter:data1\" content=\"Alimenta CPLP\">\n\t<meta name=\"twitter:label2\" content=\"Est. reading time\">\n\t<meta name=\"twitter:data2\" content=\"0 minuto\">\n<script type=\"application\/ld+json\" class=\"yoast-schema-graph\">{\"@context\":\"https:\/\/schema.org\",\"@graph\":[{\"@type\":\"WebSite\",\"@id\":\"https:\/\/alimentacplp.com\/home\/#website\",\"url\":\"https:\/\/alimentacplp.com\/home\/\",\"name\":\"Alimenta CPLP!\",\"description\":\"Observat\\u00f3rio COVID-19 CPLP\",\"potentialAction\":[{\"@type\":\"SearchAction\",\"target\":\"https:\/\/alimentacplp.com\/home\/?s={search_term_string}\",\"query-input\":\"required name=search_term_string\"}],\"inLanguage\":\"pt-BR\"},{\"@type\":\"ImageObject\",\"@id\":\"https:\/\/alimentacplp.com\/home\/2020\/09\/11\/covid-19-relator-da-onu-diz-que-pandemia-devera-criar-mais-176-milhoes-de-pobres\/#primaryimage\",\"inLanguage\":\"pt-BR\",\"url\":\"https:\/\/alimentacplp.com\/wp-content\/uploads\/2020\/08\/farmer-2260636_1920.jpg\",\"width\":1920,\"height\":1080},{\"@type\":\"WebPage\",\"@id\":\"https:\/\/alimentacplp.com\/home\/2020\/09\/11\/covid-19-relator-da-onu-diz-que-pandemia-devera-criar-mais-176-milhoes-de-pobres\/#webpage\",\"url\":\"https:\/\/alimentacplp.com\/home\/2020\/09\/11\/covid-19-relator-da-onu-diz-que-pandemia-devera-criar-mais-176-milhoes-de-pobres\/\",\"name\":\"Covid-19: Relator da ONU diz que pandemia dever\\u00e1 criar mais 176 milh\\u00f5es de pobres | Alimenta CPLP!\",\"isPartOf\":{\"@id\":\"https:\/\/alimentacplp.com\/home\/#website\"},\"primaryImageOfPage\":{\"@id\":\"https:\/\/alimentacplp.com\/home\/2020\/09\/11\/covid-19-relator-da-onu-diz-que-pandemia-devera-criar-mais-176-milhoes-de-pobres\/#primaryimage\"},\"datePublished\":\"2020-09-11T16:58:55+00:00\",\"dateModified\":\"2020-09-11T16:58:55+00:00\",\"author\":{\"@id\":\"https:\/\/alimentacplp.com\/home\/#\/schema\/person\/c6d7e6e0e6225ea6326dc847d0bb1b34\"},\"inLanguage\":\"pt-BR\",\"potentialAction\":[{\"@type\":\"ReadAction\",\"target\":[\"https:\/\/alimentacplp.com\/home\/2020\/09\/11\/covid-19-relator-da-onu-diz-que-pandemia-devera-criar-mais-176-milhoes-de-pobres\/\"]}]},{\"@type\":\"Person\",\"@id\":\"https:\/\/alimentacplp.com\/home\/#\/schema\/person\/c6d7e6e0e6225ea6326dc847d0bb1b34\",\"name\":\"Alimenta CPLP\",\"image\":{\"@type\":\"ImageObject\",\"@id\":\"https:\/\/alimentacplp.com\/home\/#personlogo\",\"inLanguage\":\"pt-BR\",\"url\":\"https:\/\/secure.gravatar.com\/avatar\/6ea32ca320819dda6d6f2d89f3d50639?s=96&d=mm&r=g\",\"caption\":\"Alimenta CPLP\"},\"description\":\"Esta plataforma est\\u00e1 aberta a todas as organiza\\u00e7\\u00f5es da sociedade civil, academia, setor privado e governos dos Estados \\u2013 Membro da Comunidade de Pa\\u00edses de L\\u00edngua Portuguesa e \\u00e9 facilitada tecnicamente pela ACTUAR \\u2013 Associa\\u00e7\\u00e3o para a Coopera\\u00e7\\u00e3o e Desenvolvimento. Para contatar a equipe do site entre em contato.\"}]}<\/script>\n<!-- \/ Yoast SEO plugin. -->","_links":{"self":[{"href":"https:\/\/alimentacplp.com\/home\/wp-json\/wp\/v2\/posts\/4111"}],"collection":[{"href":"https:\/\/alimentacplp.com\/home\/wp-json\/wp\/v2\/posts"}],"about":[{"href":"https:\/\/alimentacplp.com\/home\/wp-json\/wp\/v2\/types\/post"}],"author":[{"embeddable":true,"href":"https:\/\/alimentacplp.com\/home\/wp-json\/wp\/v2\/users\/2"}],"replies":[{"embeddable":true,"href":"https:\/\/alimentacplp.com\/home\/wp-json\/wp\/v2\/comments?post=4111"}],"version-history":[{"count":1,"href":"https:\/\/alimentacplp.com\/home\/wp-json\/wp\/v2\/posts\/4111\/revisions"}],"predecessor-version":[{"id":4112,"href":"https:\/\/alimentacplp.com\/home\/wp-json\/wp\/v2\/posts\/4111\/revisions\/4112"}],"wp:featuredmedia":[{"embeddable":true,"href":"https:\/\/alimentacplp.com\/home\/wp-json\/wp\/v2\/media\/3955"}],"wp:attachment":[{"href":"https:\/\/alimentacplp.com\/home\/wp-json\/wp\/v2\/media?parent=4111"}],"wp:term":[{"taxonomy":"category","embeddable":true,"href":"https:\/\/alimentacplp.com\/home\/wp-json\/wp\/v2\/categories?post=4111"},{"taxonomy":"post_tag","embeddable":true,"href":"https:\/\/alimentacplp.com\/home\/wp-json\/wp\/v2\/tags?post=4111"}],"curies":[{"name":"wp","href":"https:\/\/api.w.org\/{rel}","templated":true}]}}