{"id":4118,"date":"2020-09-16T15:30:42","date_gmt":"2020-09-16T14:30:42","guid":{"rendered":"https:\/\/alimentacplp.com\/home\/?p=4118"},"modified":"2020-09-16T15:30:42","modified_gmt":"2020-09-16T14:30:42","slug":"portugal-temos-de-colocar-a-agricultura-no-centro-das-nossas-preocupacoes-afirma-antonio-costa","status":"publish","type":"post","link":"https:\/\/alimentacplp.com\/home\/2020\/09\/16\/portugal-temos-de-colocar-a-agricultura-no-centro-das-nossas-preocupacoes-afirma-antonio-costa\/","title":{"rendered":"Portugal: &#8220;Temos de colocar a agricultura no centro das nossas preocupa\u00e7\u00f5es&#8221;, afirma Ant\u00f3nio Costa"},"content":{"rendered":"<p>O primeiro-ministro defendeu que a agricultura \u00e9 dos principais eixos da recupera\u00e7\u00e3o do pa\u00eds p\u00f3s-Covid-19. Durante a apresenta\u00e7\u00e3o da agenda de inova\u00e7\u00e3o 2030 para o setor agr\u00edcola em Valada, no Cartaxo, Ant\u00f3nio Costa sublinhou: &#8220;Temos de colocar a agricultura no centro das nossas preocupa\u00e7\u00f5es&#8221;.<\/p>\n<p>Veja mais em:<a href=\"https:\/\/www.noticiasaominuto.com\/economia\/1581869\/temos-de-colocar-a-agricultura-no-centro-das-nossas-preocupacoes\"> https:\/\/www.noticiasaominuto.com\/economia\/1581869\/temos-de-colocar-a-agricultura-no-centro-das-nossas-preocupacoes<\/a><\/p>\n","protected":false},"excerpt":{"rendered":"<p>O primeiro-ministro defendeu que a agricultura \u00e9 [&hellip;]<\/p>\n","protected":false},"author":2,"featured_media":3906,"comment_status":"closed","ping_status":"open","sticky":false,"template":"","format":"standard","meta":[],"categories":[1],"tags":[],"yoast_head":"<!-- This site is optimized with the Yoast SEO plugin v15.2.1 - https:\/\/yoast.com\/wordpress\/plugins\/seo\/ -->\n<title>Portugal: &quot;Temos de colocar a agricultura no centro das nossas preocupa\u00e7\u00f5es&quot;, afirma Ant\u00f3nio Costa | Alimenta CPLP!<\/title>\n<meta name=\"robots\" content=\"index, follow, max-snippet:-1, max-image-preview:large, max-video-preview:-1\" \/>\n<link rel=\"canonical\" href=\"https:\/\/alimentacplp.com\/home\/2020\/09\/16\/portugal-temos-de-colocar-a-agricultura-no-centro-das-nossas-preocupacoes-afirma-antonio-costa\/\" \/>\n<meta property=\"og:locale\" content=\"pt_BR\" \/>\n<meta property=\"og:type\" content=\"article\" \/>\n<meta property=\"og:title\" content=\"Portugal: &quot;Temos de colocar a agricultura no centro das nossas preocupa\u00e7\u00f5es&quot;, afirma Ant\u00f3nio Costa | Alimenta CPLP!\" \/>\n<meta property=\"og:description\" content=\"O primeiro-ministro defendeu que a agricultura \u00e9 [&hellip;]\" \/>\n<meta property=\"og:url\" content=\"https:\/\/alimentacplp.com\/home\/2020\/09\/16\/portugal-temos-de-colocar-a-agricultura-no-centro-das-nossas-preocupacoes-afirma-antonio-costa\/\" \/>\n<meta property=\"og:site_name\" content=\"Alimenta CPLP!\" \/>\n<meta property=\"article:publisher\" content=\"https:\/\/www.facebook.com\/Alimenta-CPLP-114985186857112\/\" \/>\n<meta property=\"article:published_time\" content=\"2020-09-16T14:30:42+00:00\" \/>\n<meta property=\"og:image\" content=\"https:\/\/alimentacplp.com\/wp-content\/uploads\/2020\/07\/home-foto.jpg\" \/>\n\t<meta property=\"og:image:width\" content=\"625\" \/>\n\t<meta property=\"og:image:height\" content=\"417\" \/>\n<meta name=\"twitter:card\" content=\"summary_large_image\" \/>\n<meta name=\"twitter:label1\" content=\"Written by\">\n\t<meta name=\"twitter:data1\" content=\"Alimenta CPLP\">\n\t<meta name=\"twitter:label2\" content=\"Est. reading time\">\n\t<meta name=\"twitter:data2\" content=\"0 minuto\">\n<script type=\"application\/ld+json\" class=\"yoast-schema-graph\">{\"@context\":\"https:\/\/schema.org\",\"@graph\":[{\"@type\":\"WebSite\",\"@id\":\"https:\/\/alimentacplp.com\/home\/#website\",\"url\":\"https:\/\/alimentacplp.com\/home\/\",\"name\":\"Alimenta CPLP!\",\"description\":\"Observat\\u00f3rio COVID-19 CPLP\",\"potentialAction\":[{\"@type\":\"SearchAction\",\"target\":\"https:\/\/alimentacplp.com\/home\/?s={search_term_string}\",\"query-input\":\"required name=search_term_string\"}],\"inLanguage\":\"pt-BR\"},{\"@type\":\"ImageObject\",\"@id\":\"https:\/\/alimentacplp.com\/home\/2020\/09\/16\/portugal-temos-de-colocar-a-agricultura-no-centro-das-nossas-preocupacoes-afirma-antonio-costa\/#primaryimage\",\"inLanguage\":\"pt-BR\",\"url\":\"https:\/\/alimentacplp.com\/wp-content\/uploads\/2020\/07\/home-foto.jpg\",\"width\":625,\"height\":417},{\"@type\":\"WebPage\",\"@id\":\"https:\/\/alimentacplp.com\/home\/2020\/09\/16\/portugal-temos-de-colocar-a-agricultura-no-centro-das-nossas-preocupacoes-afirma-antonio-costa\/#webpage\",\"url\":\"https:\/\/alimentacplp.com\/home\/2020\/09\/16\/portugal-temos-de-colocar-a-agricultura-no-centro-das-nossas-preocupacoes-afirma-antonio-costa\/\",\"name\":\"Portugal: \\\"Temos de colocar a agricultura no centro das nossas preocupa\\u00e7\\u00f5es\\\", afirma Ant\\u00f3nio Costa | Alimenta CPLP!\",\"isPartOf\":{\"@id\":\"https:\/\/alimentacplp.com\/home\/#website\"},\"primaryImageOfPage\":{\"@id\":\"https:\/\/alimentacplp.com\/home\/2020\/09\/16\/portugal-temos-de-colocar-a-agricultura-no-centro-das-nossas-preocupacoes-afirma-antonio-costa\/#primaryimage\"},\"datePublished\":\"2020-09-16T14:30:42+00:00\",\"dateModified\":\"2020-09-16T14:30:42+00:00\",\"author\":{\"@id\":\"https:\/\/alimentacplp.com\/home\/#\/schema\/person\/c6d7e6e0e6225ea6326dc847d0bb1b34\"},\"inLanguage\":\"pt-BR\",\"potentialAction\":[{\"@type\":\"ReadAction\",\"target\":[\"https:\/\/alimentacplp.com\/home\/2020\/09\/16\/portugal-temos-de-colocar-a-agricultura-no-centro-das-nossas-preocupacoes-afirma-antonio-costa\/\"]}]},{\"@type\":\"Person\",\"@id\":\"https:\/\/alimentacplp.com\/home\/#\/schema\/person\/c6d7e6e0e6225ea6326dc847d0bb1b34\",\"name\":\"Alimenta CPLP\",\"image\":{\"@type\":\"ImageObject\",\"@id\":\"https:\/\/alimentacplp.com\/home\/#personlogo\",\"inLanguage\":\"pt-BR\",\"url\":\"https:\/\/secure.gravatar.com\/avatar\/6ea32ca320819dda6d6f2d89f3d50639?s=96&d=mm&r=g\",\"caption\":\"Alimenta CPLP\"},\"description\":\"Esta plataforma est\\u00e1 aberta a todas as organiza\\u00e7\\u00f5es da sociedade civil, academia, setor privado e governos dos Estados \\u2013 Membro da Comunidade de Pa\\u00edses de L\\u00edngua Portuguesa e \\u00e9 facilitada tecnicamente pela ACTUAR \\u2013 Associa\\u00e7\\u00e3o para a Coopera\\u00e7\\u00e3o e Desenvolvimento. Para contatar a equipe do site entre em contato.\"}]}<\/script>\n<!-- \/ Yoast SEO plugin. -->","_links":{"self":[{"href":"https:\/\/alimentacplp.com\/home\/wp-json\/wp\/v2\/posts\/4118"}],"collection":[{"href":"https:\/\/alimentacplp.com\/home\/wp-json\/wp\/v2\/posts"}],"about":[{"href":"https:\/\/alimentacplp.com\/home\/wp-json\/wp\/v2\/types\/post"}],"author":[{"embeddable":true,"href":"https:\/\/alimentacplp.com\/home\/wp-json\/wp\/v2\/users\/2"}],"replies":[{"embeddable":true,"href":"https:\/\/alimentacplp.com\/home\/wp-json\/wp\/v2\/comments?post=4118"}],"version-history":[{"count":1,"href":"https:\/\/alimentacplp.com\/home\/wp-json\/wp\/v2\/posts\/4118\/revisions"}],"predecessor-version":[{"id":4119,"href":"https:\/\/alimentacplp.com\/home\/wp-json\/wp\/v2\/posts\/4118\/revisions\/4119"}],"wp:featuredmedia":[{"embeddable":true,"href":"https:\/\/alimentacplp.com\/home\/wp-json\/wp\/v2\/media\/3906"}],"wp:attachment":[{"href":"https:\/\/alimentacplp.com\/home\/wp-json\/wp\/v2\/media?parent=4118"}],"wp:term":[{"taxonomy":"category","embeddable":true,"href":"https:\/\/alimentacplp.com\/home\/wp-json\/wp\/v2\/categories?post=4118"},{"taxonomy":"post_tag","embeddable":true,"href":"https:\/\/alimentacplp.com\/home\/wp-json\/wp\/v2\/tags?post=4118"}],"curies":[{"name":"wp","href":"https:\/\/api.w.org\/{rel}","templated":true}]}}