{"id":4122,"date":"2020-09-17T11:16:35","date_gmt":"2020-09-17T10:16:35","guid":{"rendered":"https:\/\/alimentacplp.com\/home\/?p=4122"},"modified":"2020-09-17T11:16:35","modified_gmt":"2020-09-17T10:16:35","slug":"uso-da-caderneta-ecologica-por-mulheres-rurais-do-semiarido-brasileiro-trouxe-resultados-surpreendentes","status":"publish","type":"post","link":"https:\/\/alimentacplp.com\/home\/2020\/09\/17\/uso-da-caderneta-ecologica-por-mulheres-rurais-do-semiarido-brasileiro-trouxe-resultados-surpreendentes\/","title":{"rendered":"Uso da Caderneta Ecol\u00f3gica por mulheres rurais do semi\u00e1rido brasileiro trouxe resultados surpreendentes"},"content":{"rendered":"<p>O uso da Caderneta Ecol\u00f3gica por 879 mulheres rurais do semi\u00e1rido trouxe resultados surpreendentes que est\u00e3o reunidos no livro \u201cCadernetas Agroecol\u00f3gicas e as Mulheres do Semi\u00e1rido \u2013 de M\u00e3os Dadas Fortalecendo a Agroecologia\u201d. Os dados, recolhidos entre agosto de 2019 e fevereiro de 2020, mostram avan\u00e7os em temas como a participa\u00e7\u00e3o econ\u00f4mica das mulheres na renda mensal familiar, a constru\u00e7\u00e3o da assist\u00eancia t\u00e9cnica rural feminista, a divis\u00e3o sexual do trabalho e a rela\u00e7\u00e3o dos quintais produtivos com a seguran\u00e7a alimentar e nutricional.<\/p>\n<p>O livro foi organizado e produzido pelo Programa Semear Internacional no \u00e2mbito dos projetos apoiados pelo O Fundo Internacional de Desenvolvimento Agr\u00edcola (FIDA)no Brasil.<\/p>\n<p>Veja mais em:<a href=\"http:\/\/portalsemear.org.br\/publicacoes\/cadernetas-agroecologicas-e-as-mulheres-do-semiarido\/\"> http:\/\/portalsemear.org.br\/publicacoes\/cadernetas-agroecologicas-e-as-mulheres-do-semiarido\/<\/a><\/p>\n","protected":false},"excerpt":{"rendered":"<p>O uso da Caderneta Ecol\u00f3gica por 879 [&hellip;]<\/p>\n","protected":false},"author":4,"featured_media":4123,"comment_status":"closed","ping_status":"open","sticky":false,"template":"","format":"standard","meta":[],"categories":[1],"tags":[],"yoast_head":"<!-- This site is optimized with the Yoast SEO plugin v15.2.1 - https:\/\/yoast.com\/wordpress\/plugins\/seo\/ -->\n<title>Uso da Caderneta Ecol\u00f3gica por mulheres rurais do semi\u00e1rido brasileiro trouxe resultados surpreendentes | Alimenta CPLP!<\/title>\n<meta name=\"robots\" content=\"index, follow, max-snippet:-1, max-image-preview:large, max-video-preview:-1\" \/>\n<link rel=\"canonical\" href=\"https:\/\/alimentacplp.com\/home\/2020\/09\/17\/uso-da-caderneta-ecologica-por-mulheres-rurais-do-semiarido-brasileiro-trouxe-resultados-surpreendentes\/\" \/>\n<meta property=\"og:locale\" content=\"pt_BR\" \/>\n<meta property=\"og:type\" content=\"article\" \/>\n<meta property=\"og:title\" content=\"Uso da Caderneta Ecol\u00f3gica por mulheres rurais do semi\u00e1rido brasileiro trouxe resultados surpreendentes | Alimenta CPLP!\" \/>\n<meta property=\"og:description\" content=\"O uso da Caderneta Ecol\u00f3gica por 879 [&hellip;]\" \/>\n<meta property=\"og:url\" content=\"https:\/\/alimentacplp.com\/home\/2020\/09\/17\/uso-da-caderneta-ecologica-por-mulheres-rurais-do-semiarido-brasileiro-trouxe-resultados-surpreendentes\/\" \/>\n<meta property=\"og:site_name\" content=\"Alimenta CPLP!\" \/>\n<meta property=\"article:publisher\" content=\"https:\/\/www.facebook.com\/Alimenta-CPLP-114985186857112\/\" \/>\n<meta property=\"article:published_time\" content=\"2020-09-17T10:16:35+00:00\" \/>\n<meta property=\"og:image\" content=\"https:\/\/alimentacplp.com\/wp-content\/uploads\/2020\/09\/caderneta-ecologica.jpg\" \/>\n\t<meta property=\"og:image:width\" content=\"306\" \/>\n\t<meta property=\"og:image:height\" content=\"401\" \/>\n<meta name=\"twitter:card\" content=\"summary_large_image\" \/>\n<meta name=\"twitter:label1\" content=\"Written by\">\n\t<meta name=\"twitter:data1\" content=\"Actuar Acd\">\n\t<meta name=\"twitter:label2\" content=\"Est. reading time\">\n\t<meta name=\"twitter:data2\" content=\"1 minuto\">\n<script type=\"application\/ld+json\" class=\"yoast-schema-graph\">{\"@context\":\"https:\/\/schema.org\",\"@graph\":[{\"@type\":\"WebSite\",\"@id\":\"https:\/\/alimentacplp.com\/home\/#website\",\"url\":\"https:\/\/alimentacplp.com\/home\/\",\"name\":\"Alimenta CPLP!\",\"description\":\"Observat\\u00f3rio COVID-19 CPLP\",\"potentialAction\":[{\"@type\":\"SearchAction\",\"target\":\"https:\/\/alimentacplp.com\/home\/?s={search_term_string}\",\"query-input\":\"required name=search_term_string\"}],\"inLanguage\":\"pt-BR\"},{\"@type\":\"ImageObject\",\"@id\":\"https:\/\/alimentacplp.com\/home\/2020\/09\/17\/uso-da-caderneta-ecologica-por-mulheres-rurais-do-semiarido-brasileiro-trouxe-resultados-surpreendentes\/#primaryimage\",\"inLanguage\":\"pt-BR\",\"url\":\"https:\/\/alimentacplp.com\/wp-content\/uploads\/2020\/09\/caderneta-ecologica.jpg\",\"width\":306,\"height\":401},{\"@type\":\"WebPage\",\"@id\":\"https:\/\/alimentacplp.com\/home\/2020\/09\/17\/uso-da-caderneta-ecologica-por-mulheres-rurais-do-semiarido-brasileiro-trouxe-resultados-surpreendentes\/#webpage\",\"url\":\"https:\/\/alimentacplp.com\/home\/2020\/09\/17\/uso-da-caderneta-ecologica-por-mulheres-rurais-do-semiarido-brasileiro-trouxe-resultados-surpreendentes\/\",\"name\":\"Uso da Caderneta Ecol\\u00f3gica por mulheres rurais do semi\\u00e1rido brasileiro trouxe resultados surpreendentes | Alimenta CPLP!\",\"isPartOf\":{\"@id\":\"https:\/\/alimentacplp.com\/home\/#website\"},\"primaryImageOfPage\":{\"@id\":\"https:\/\/alimentacplp.com\/home\/2020\/09\/17\/uso-da-caderneta-ecologica-por-mulheres-rurais-do-semiarido-brasileiro-trouxe-resultados-surpreendentes\/#primaryimage\"},\"datePublished\":\"2020-09-17T10:16:35+00:00\",\"dateModified\":\"2020-09-17T10:16:35+00:00\",\"author\":{\"@id\":\"https:\/\/alimentacplp.com\/home\/#\/schema\/person\/b3156be85f55e704cfcb7550333e9b3c\"},\"inLanguage\":\"pt-BR\",\"potentialAction\":[{\"@type\":\"ReadAction\",\"target\":[\"https:\/\/alimentacplp.com\/home\/2020\/09\/17\/uso-da-caderneta-ecologica-por-mulheres-rurais-do-semiarido-brasileiro-trouxe-resultados-surpreendentes\/\"]}]},{\"@type\":\"Person\",\"@id\":\"https:\/\/alimentacplp.com\/home\/#\/schema\/person\/b3156be85f55e704cfcb7550333e9b3c\",\"name\":\"Actuar Acd\",\"image\":{\"@type\":\"ImageObject\",\"@id\":\"https:\/\/alimentacplp.com\/home\/#personlogo\",\"inLanguage\":\"pt-BR\",\"url\":\"https:\/\/secure.gravatar.com\/avatar\/ac2cc7eb67ee1d806fbb58dcc65dd14c?s=96&d=mm&r=g\",\"caption\":\"Actuar Acd\"},\"sameAs\":[\"http:\/\/actuar-acd.org\"]}]}<\/script>\n<!-- \/ Yoast SEO plugin. -->","_links":{"self":[{"href":"https:\/\/alimentacplp.com\/home\/wp-json\/wp\/v2\/posts\/4122"}],"collection":[{"href":"https:\/\/alimentacplp.com\/home\/wp-json\/wp\/v2\/posts"}],"about":[{"href":"https:\/\/alimentacplp.com\/home\/wp-json\/wp\/v2\/types\/post"}],"author":[{"embeddable":true,"href":"https:\/\/alimentacplp.com\/home\/wp-json\/wp\/v2\/users\/4"}],"replies":[{"embeddable":true,"href":"https:\/\/alimentacplp.com\/home\/wp-json\/wp\/v2\/comments?post=4122"}],"version-history":[{"count":1,"href":"https:\/\/alimentacplp.com\/home\/wp-json\/wp\/v2\/posts\/4122\/revisions"}],"predecessor-version":[{"id":4124,"href":"https:\/\/alimentacplp.com\/home\/wp-json\/wp\/v2\/posts\/4122\/revisions\/4124"}],"wp:featuredmedia":[{"embeddable":true,"href":"https:\/\/alimentacplp.com\/home\/wp-json\/wp\/v2\/media\/4123"}],"wp:attachment":[{"href":"https:\/\/alimentacplp.com\/home\/wp-json\/wp\/v2\/media?parent=4122"}],"wp:term":[{"taxonomy":"category","embeddable":true,"href":"https:\/\/alimentacplp.com\/home\/wp-json\/wp\/v2\/categories?post=4122"},{"taxonomy":"post_tag","embeddable":true,"href":"https:\/\/alimentacplp.com\/home\/wp-json\/wp\/v2\/tags?post=4122"}],"curies":[{"name":"wp","href":"https:\/\/api.w.org\/{rel}","templated":true}]}}