{"id":4135,"date":"2021-01-22T11:33:01","date_gmt":"2021-01-22T10:33:01","guid":{"rendered":"https:\/\/alimentacplp.com\/home\/?p=4135"},"modified":"2021-01-22T11:33:01","modified_gmt":"2021-01-22T10:33:01","slug":"brasil-instituto-fome-zero-e-ufrgs-se-unem-para-promover-a-seguranca-alimentar-e-nutricional","status":"publish","type":"post","link":"https:\/\/alimentacplp.com\/home\/2021\/01\/22\/brasil-instituto-fome-zero-e-ufrgs-se-unem-para-promover-a-seguranca-alimentar-e-nutricional\/","title":{"rendered":"Brasil: Instituto Fome Zero e UFRGS se unem para promover a seguran\u00e7a alimentar e nutricional"},"content":{"rendered":"<p>A situa\u00e7\u00e3o preocupa o professor Jos\u00e9 Graziano da Silva, ex-diretor-geral da FAO e criador do Instituto Fome Zero, lan\u00e7ado em outubro do ano passado. \u201cSe n\u00f3s n\u00e3o alcan\u00e7armos os Objetivos do Desenvolvimento Sustent\u00e1vel at\u00e9 2030, n\u00f3s poderemos estar entrando numa rota irrevers\u00edvel, que amea\u00e7a a pr\u00f3pria hist\u00f3ria da humanidade\u201d, afirmou Graziano, em entrevista ao podcast \u201cQue tal um mate?\u201d, realizado pelo C\u00edrculo de Refer\u00eancia em Agroecologia, Sociobiodiversidade, Soberania e Seguran\u00e7a Alimentar e Nutricional (AsSsAN C\u00edrculo), ligado \u00e0 Universidade Federal do Rio Grande do Sul (UFRGS).<\/p>\n<p>Saiba mais em:<a href=\"https:\/\/www.sul21.com.br\/ultimas-noticias\/geral\/2021\/01\/instituto-fome-zero-e-ufrgs-se-unem-para-promover-a-seguranca-alimentar-e-nutricional\/\"> https:\/\/www.sul21.com.br\/ultimas-noticias\/geral\/2021\/01\/instituto-fome-zero-e-ufrgs-se-unem-para-promover-a-seguranca-alimentar-e-nutricional\/<\/a><\/p>\n","protected":false},"excerpt":{"rendered":"<p>A situa\u00e7\u00e3o preocupa o professor Jos\u00e9 Graziano [&hellip;]<\/p>\n","protected":false},"author":4,"featured_media":4097,"comment_status":"closed","ping_status":"open","sticky":false,"template":"","format":"standard","meta":[],"categories":[1],"tags":[],"yoast_head":"<!-- This site is optimized with the Yoast SEO plugin v15.2.1 - https:\/\/yoast.com\/wordpress\/plugins\/seo\/ -->\n<title>Brasil: Instituto Fome Zero e UFRGS se unem para promover a seguran\u00e7a alimentar e nutricional | Alimenta CPLP!<\/title>\n<meta name=\"robots\" content=\"index, follow, max-snippet:-1, max-image-preview:large, max-video-preview:-1\" \/>\n<link rel=\"canonical\" href=\"https:\/\/alimentacplp.com\/home\/2021\/01\/22\/brasil-instituto-fome-zero-e-ufrgs-se-unem-para-promover-a-seguranca-alimentar-e-nutricional\/\" \/>\n<meta property=\"og:locale\" content=\"pt_BR\" \/>\n<meta property=\"og:type\" content=\"article\" \/>\n<meta property=\"og:title\" content=\"Brasil: Instituto Fome Zero e UFRGS se unem para promover a seguran\u00e7a alimentar e nutricional | Alimenta CPLP!\" \/>\n<meta property=\"og:description\" content=\"A situa\u00e7\u00e3o preocupa o professor Jos\u00e9 Graziano [&hellip;]\" \/>\n<meta property=\"og:url\" content=\"https:\/\/alimentacplp.com\/home\/2021\/01\/22\/brasil-instituto-fome-zero-e-ufrgs-se-unem-para-promover-a-seguranca-alimentar-e-nutricional\/\" \/>\n<meta property=\"og:site_name\" content=\"Alimenta CPLP!\" \/>\n<meta property=\"article:publisher\" content=\"https:\/\/www.facebook.com\/Alimenta-CPLP-114985186857112\/\" \/>\n<meta property=\"article:published_time\" content=\"2021-01-22T10:33:01+00:00\" \/>\n<meta property=\"og:image\" content=\"https:\/\/alimentacplp.com\/wp-content\/uploads\/2020\/09\/foto-maca.jpg\" \/>\n\t<meta property=\"og:image:width\" content=\"1920\" \/>\n\t<meta property=\"og:image:height\" content=\"1280\" \/>\n<meta name=\"twitter:card\" content=\"summary_large_image\" \/>\n<meta name=\"twitter:label1\" content=\"Written by\">\n\t<meta name=\"twitter:data1\" content=\"Actuar Acd\">\n\t<meta name=\"twitter:label2\" content=\"Est. reading time\">\n\t<meta name=\"twitter:data2\" content=\"0 minuto\">\n<script type=\"application\/ld+json\" class=\"yoast-schema-graph\">{\"@context\":\"https:\/\/schema.org\",\"@graph\":[{\"@type\":\"WebSite\",\"@id\":\"https:\/\/alimentacplp.com\/home\/#website\",\"url\":\"https:\/\/alimentacplp.com\/home\/\",\"name\":\"Alimenta CPLP!\",\"description\":\"Observat\\u00f3rio COVID-19 CPLP\",\"potentialAction\":[{\"@type\":\"SearchAction\",\"target\":\"https:\/\/alimentacplp.com\/home\/?s={search_term_string}\",\"query-input\":\"required name=search_term_string\"}],\"inLanguage\":\"pt-BR\"},{\"@type\":\"ImageObject\",\"@id\":\"https:\/\/alimentacplp.com\/home\/2021\/01\/22\/brasil-instituto-fome-zero-e-ufrgs-se-unem-para-promover-a-seguranca-alimentar-e-nutricional\/#primaryimage\",\"inLanguage\":\"pt-BR\",\"url\":\"https:\/\/alimentacplp.com\/wp-content\/uploads\/2020\/09\/foto-maca.jpg\",\"width\":1920,\"height\":1280},{\"@type\":\"WebPage\",\"@id\":\"https:\/\/alimentacplp.com\/home\/2021\/01\/22\/brasil-instituto-fome-zero-e-ufrgs-se-unem-para-promover-a-seguranca-alimentar-e-nutricional\/#webpage\",\"url\":\"https:\/\/alimentacplp.com\/home\/2021\/01\/22\/brasil-instituto-fome-zero-e-ufrgs-se-unem-para-promover-a-seguranca-alimentar-e-nutricional\/\",\"name\":\"Brasil: Instituto Fome Zero e UFRGS se unem para promover a seguran\\u00e7a alimentar e nutricional | Alimenta CPLP!\",\"isPartOf\":{\"@id\":\"https:\/\/alimentacplp.com\/home\/#website\"},\"primaryImageOfPage\":{\"@id\":\"https:\/\/alimentacplp.com\/home\/2021\/01\/22\/brasil-instituto-fome-zero-e-ufrgs-se-unem-para-promover-a-seguranca-alimentar-e-nutricional\/#primaryimage\"},\"datePublished\":\"2021-01-22T10:33:01+00:00\",\"dateModified\":\"2021-01-22T10:33:01+00:00\",\"author\":{\"@id\":\"https:\/\/alimentacplp.com\/home\/#\/schema\/person\/b3156be85f55e704cfcb7550333e9b3c\"},\"inLanguage\":\"pt-BR\",\"potentialAction\":[{\"@type\":\"ReadAction\",\"target\":[\"https:\/\/alimentacplp.com\/home\/2021\/01\/22\/brasil-instituto-fome-zero-e-ufrgs-se-unem-para-promover-a-seguranca-alimentar-e-nutricional\/\"]}]},{\"@type\":\"Person\",\"@id\":\"https:\/\/alimentacplp.com\/home\/#\/schema\/person\/b3156be85f55e704cfcb7550333e9b3c\",\"name\":\"Actuar Acd\",\"image\":{\"@type\":\"ImageObject\",\"@id\":\"https:\/\/alimentacplp.com\/home\/#personlogo\",\"inLanguage\":\"pt-BR\",\"url\":\"https:\/\/secure.gravatar.com\/avatar\/ac2cc7eb67ee1d806fbb58dcc65dd14c?s=96&d=mm&r=g\",\"caption\":\"Actuar Acd\"},\"sameAs\":[\"http:\/\/actuar-acd.org\"]}]}<\/script>\n<!-- \/ Yoast SEO plugin. -->","_links":{"self":[{"href":"https:\/\/alimentacplp.com\/home\/wp-json\/wp\/v2\/posts\/4135"}],"collection":[{"href":"https:\/\/alimentacplp.com\/home\/wp-json\/wp\/v2\/posts"}],"about":[{"href":"https:\/\/alimentacplp.com\/home\/wp-json\/wp\/v2\/types\/post"}],"author":[{"embeddable":true,"href":"https:\/\/alimentacplp.com\/home\/wp-json\/wp\/v2\/users\/4"}],"replies":[{"embeddable":true,"href":"https:\/\/alimentacplp.com\/home\/wp-json\/wp\/v2\/comments?post=4135"}],"version-history":[{"count":1,"href":"https:\/\/alimentacplp.com\/home\/wp-json\/wp\/v2\/posts\/4135\/revisions"}],"predecessor-version":[{"id":4136,"href":"https:\/\/alimentacplp.com\/home\/wp-json\/wp\/v2\/posts\/4135\/revisions\/4136"}],"wp:featuredmedia":[{"embeddable":true,"href":"https:\/\/alimentacplp.com\/home\/wp-json\/wp\/v2\/media\/4097"}],"wp:attachment":[{"href":"https:\/\/alimentacplp.com\/home\/wp-json\/wp\/v2\/media?parent=4135"}],"wp:term":[{"taxonomy":"category","embeddable":true,"href":"https:\/\/alimentacplp.com\/home\/wp-json\/wp\/v2\/categories?post=4135"},{"taxonomy":"post_tag","embeddable":true,"href":"https:\/\/alimentacplp.com\/home\/wp-json\/wp\/v2\/tags?post=4135"}],"curies":[{"name":"wp","href":"https:\/\/api.w.org\/{rel}","templated":true}]}}