{"id":4152,"date":"2021-01-25T12:11:30","date_gmt":"2021-01-25T11:11:30","guid":{"rendered":"https:\/\/alimentacplp.com\/home\/?p=4152"},"modified":"2021-01-26T17:36:42","modified_gmt":"2021-01-26T16:36:42","slug":"seminario-sistemas-territoriais-alimentares-e-dietas-saudaveis-caminhos-para-transformacoes-globais-intercambios-com-a-presidencia-portuguesa-do-conselho-da-uniao-europeia-participe","status":"publish","type":"post","link":"https:\/\/alimentacplp.com\/home\/2021\/01\/25\/seminario-sistemas-territoriais-alimentares-e-dietas-saudaveis-caminhos-para-transformacoes-globais-intercambios-com-a-presidencia-portuguesa-do-conselho-da-uniao-europeia-participe\/","title":{"rendered":"Crise clim\u00e1tica e alimentar s\u00e3o os principais desafios do mundo p\u00f3s-pandemia"},"content":{"rendered":"<p>&#8220;A luta contra o neoliberalismo ganhou novas formas desde a primeira edi\u00e7\u00e3o do F\u00f3rum Social Mundial (FSM), em 2001. Vinte anos depois, a crise clim\u00e1tica global escancara a necessidade de mudan\u00e7as no sistema produtivo. Baseado no livre com\u00e9rcio sob comando das grandes corpora\u00e7\u00f5es internacionais, esse sistema vem aumentando as desigualdades sociais, a fome e a devasta\u00e7\u00e3o do meio ambiente. A pandemia do novo coronav\u00edrus torna ainda mais agudo todos esses processos&#8221;.<\/p>\n<p>Veja mais em: <a href=\"https:\/\/www.redebrasilatual.com.br\/economia\/2021\/01\/crise-climatica-e-alimentar-sao-os-principais-desafios-do-mundo-pos-pandemia\/\">https:\/\/www.redebrasilatual.com.br\/economia\/2021\/01\/crise-climatica-e-alimentar-sao-os-principais-desafios-do-mundo-pos-pandemia\/<\/a><\/p>\n","protected":false},"excerpt":{"rendered":"<p>&#8220;A luta contra o neoliberalismo ganhou novas [&hellip;]<\/p>\n","protected":false},"author":4,"featured_media":3955,"comment_status":"closed","ping_status":"open","sticky":false,"template":"","format":"standard","meta":[],"categories":[1],"tags":[],"yoast_head":"<!-- This site is optimized with the Yoast SEO plugin v15.2.1 - https:\/\/yoast.com\/wordpress\/plugins\/seo\/ -->\n<title>Crise clim\u00e1tica e alimentar s\u00e3o os principais desafios do mundo p\u00f3s-pandemia | Alimenta CPLP!<\/title>\n<meta name=\"robots\" content=\"index, follow, max-snippet:-1, max-image-preview:large, max-video-preview:-1\" \/>\n<link rel=\"canonical\" href=\"https:\/\/alimentacplp.com\/home\/2021\/01\/25\/seminario-sistemas-territoriais-alimentares-e-dietas-saudaveis-caminhos-para-transformacoes-globais-intercambios-com-a-presidencia-portuguesa-do-conselho-da-uniao-europeia-participe\/\" \/>\n<meta property=\"og:locale\" content=\"pt_BR\" \/>\n<meta property=\"og:type\" content=\"article\" \/>\n<meta property=\"og:title\" content=\"Crise clim\u00e1tica e alimentar s\u00e3o os principais desafios do mundo p\u00f3s-pandemia | Alimenta CPLP!\" \/>\n<meta property=\"og:description\" content=\"&#8220;A luta contra o neoliberalismo ganhou novas [&hellip;]\" \/>\n<meta property=\"og:url\" content=\"https:\/\/alimentacplp.com\/home\/2021\/01\/25\/seminario-sistemas-territoriais-alimentares-e-dietas-saudaveis-caminhos-para-transformacoes-globais-intercambios-com-a-presidencia-portuguesa-do-conselho-da-uniao-europeia-participe\/\" \/>\n<meta property=\"og:site_name\" content=\"Alimenta CPLP!\" \/>\n<meta property=\"article:publisher\" content=\"https:\/\/www.facebook.com\/Alimenta-CPLP-114985186857112\/\" \/>\n<meta property=\"article:published_time\" content=\"2021-01-25T11:11:30+00:00\" \/>\n<meta property=\"article:modified_time\" content=\"2021-01-26T16:36:42+00:00\" \/>\n<meta property=\"og:image\" content=\"https:\/\/alimentacplp.com\/wp-content\/uploads\/2020\/08\/farmer-2260636_1920.jpg\" \/>\n\t<meta property=\"og:image:width\" content=\"1920\" \/>\n\t<meta property=\"og:image:height\" content=\"1080\" \/>\n<meta name=\"twitter:card\" content=\"summary_large_image\" \/>\n<meta name=\"twitter:label1\" content=\"Written by\">\n\t<meta name=\"twitter:data1\" content=\"Actuar Acd\">\n\t<meta name=\"twitter:label2\" content=\"Est. reading time\">\n\t<meta name=\"twitter:data2\" content=\"0 minuto\">\n<script type=\"application\/ld+json\" class=\"yoast-schema-graph\">{\"@context\":\"https:\/\/schema.org\",\"@graph\":[{\"@type\":\"WebSite\",\"@id\":\"https:\/\/alimentacplp.com\/home\/#website\",\"url\":\"https:\/\/alimentacplp.com\/home\/\",\"name\":\"Alimenta CPLP!\",\"description\":\"Observat\\u00f3rio COVID-19 CPLP\",\"potentialAction\":[{\"@type\":\"SearchAction\",\"target\":\"https:\/\/alimentacplp.com\/home\/?s={search_term_string}\",\"query-input\":\"required name=search_term_string\"}],\"inLanguage\":\"pt-BR\"},{\"@type\":\"ImageObject\",\"@id\":\"https:\/\/alimentacplp.com\/home\/2021\/01\/25\/seminario-sistemas-territoriais-alimentares-e-dietas-saudaveis-caminhos-para-transformacoes-globais-intercambios-com-a-presidencia-portuguesa-do-conselho-da-uniao-europeia-participe\/#primaryimage\",\"inLanguage\":\"pt-BR\",\"url\":\"https:\/\/alimentacplp.com\/wp-content\/uploads\/2020\/08\/farmer-2260636_1920.jpg\",\"width\":1920,\"height\":1080},{\"@type\":\"WebPage\",\"@id\":\"https:\/\/alimentacplp.com\/home\/2021\/01\/25\/seminario-sistemas-territoriais-alimentares-e-dietas-saudaveis-caminhos-para-transformacoes-globais-intercambios-com-a-presidencia-portuguesa-do-conselho-da-uniao-europeia-participe\/#webpage\",\"url\":\"https:\/\/alimentacplp.com\/home\/2021\/01\/25\/seminario-sistemas-territoriais-alimentares-e-dietas-saudaveis-caminhos-para-transformacoes-globais-intercambios-com-a-presidencia-portuguesa-do-conselho-da-uniao-europeia-participe\/\",\"name\":\"Crise clim\\u00e1tica e alimentar s\\u00e3o os principais desafios do mundo p\\u00f3s-pandemia | Alimenta CPLP!\",\"isPartOf\":{\"@id\":\"https:\/\/alimentacplp.com\/home\/#website\"},\"primaryImageOfPage\":{\"@id\":\"https:\/\/alimentacplp.com\/home\/2021\/01\/25\/seminario-sistemas-territoriais-alimentares-e-dietas-saudaveis-caminhos-para-transformacoes-globais-intercambios-com-a-presidencia-portuguesa-do-conselho-da-uniao-europeia-participe\/#primaryimage\"},\"datePublished\":\"2021-01-25T11:11:30+00:00\",\"dateModified\":\"2021-01-26T16:36:42+00:00\",\"author\":{\"@id\":\"https:\/\/alimentacplp.com\/home\/#\/schema\/person\/b3156be85f55e704cfcb7550333e9b3c\"},\"inLanguage\":\"pt-BR\",\"potentialAction\":[{\"@type\":\"ReadAction\",\"target\":[\"https:\/\/alimentacplp.com\/home\/2021\/01\/25\/seminario-sistemas-territoriais-alimentares-e-dietas-saudaveis-caminhos-para-transformacoes-globais-intercambios-com-a-presidencia-portuguesa-do-conselho-da-uniao-europeia-participe\/\"]}]},{\"@type\":\"Person\",\"@id\":\"https:\/\/alimentacplp.com\/home\/#\/schema\/person\/b3156be85f55e704cfcb7550333e9b3c\",\"name\":\"Actuar Acd\",\"image\":{\"@type\":\"ImageObject\",\"@id\":\"https:\/\/alimentacplp.com\/home\/#personlogo\",\"inLanguage\":\"pt-BR\",\"url\":\"https:\/\/secure.gravatar.com\/avatar\/ac2cc7eb67ee1d806fbb58dcc65dd14c?s=96&d=mm&r=g\",\"caption\":\"Actuar Acd\"},\"sameAs\":[\"http:\/\/actuar-acd.org\"]}]}<\/script>\n<!-- \/ Yoast SEO plugin. -->","_links":{"self":[{"href":"https:\/\/alimentacplp.com\/home\/wp-json\/wp\/v2\/posts\/4152"}],"collection":[{"href":"https:\/\/alimentacplp.com\/home\/wp-json\/wp\/v2\/posts"}],"about":[{"href":"https:\/\/alimentacplp.com\/home\/wp-json\/wp\/v2\/types\/post"}],"author":[{"embeddable":true,"href":"https:\/\/alimentacplp.com\/home\/wp-json\/wp\/v2\/users\/4"}],"replies":[{"embeddable":true,"href":"https:\/\/alimentacplp.com\/home\/wp-json\/wp\/v2\/comments?post=4152"}],"version-history":[{"count":7,"href":"https:\/\/alimentacplp.com\/home\/wp-json\/wp\/v2\/posts\/4152\/revisions"}],"predecessor-version":[{"id":4174,"href":"https:\/\/alimentacplp.com\/home\/wp-json\/wp\/v2\/posts\/4152\/revisions\/4174"}],"wp:featuredmedia":[{"embeddable":true,"href":"https:\/\/alimentacplp.com\/home\/wp-json\/wp\/v2\/media\/3955"}],"wp:attachment":[{"href":"https:\/\/alimentacplp.com\/home\/wp-json\/wp\/v2\/media?parent=4152"}],"wp:term":[{"taxonomy":"category","embeddable":true,"href":"https:\/\/alimentacplp.com\/home\/wp-json\/wp\/v2\/categories?post=4152"},{"taxonomy":"post_tag","embeddable":true,"href":"https:\/\/alimentacplp.com\/home\/wp-json\/wp\/v2\/tags?post=4152"}],"curies":[{"name":"wp","href":"https:\/\/api.w.org\/{rel}","templated":true}]}}