{"id":4199,"date":"2021-02-01T18:36:45","date_gmt":"2021-02-01T17:36:45","guid":{"rendered":"https:\/\/alimentacplp.com\/home\/?p=4199"},"modified":"2021-02-01T18:37:40","modified_gmt":"2021-02-01T17:37:40","slug":"assista-ao-video-promocao-de-sistemas-alimentares-territoriais-sustentaveis-na-cplp","status":"publish","type":"post","link":"https:\/\/alimentacplp.com\/home\/2021\/02\/01\/assista-ao-video-promocao-de-sistemas-alimentares-territoriais-sustentaveis-na-cplp\/","title":{"rendered":"Assista ao v\u00eddeo: Promo\u00e7\u00e3o de Sistemas Alimentares Territoriais Sustent\u00e1veis na CPLP"},"content":{"rendered":"<p>&#8220;A Comunidade dos Pa\u00edses de L\u00edngua Portuguesa (CPLP) incorpora uma estrutura de governa\u00e7\u00e3o adequada aos novos desafios da sustentabilidade alimentar. S\u00e3o nove governos, milh\u00f5es de agricultores familiares, jovens de pequenas e m\u00e9dias empresas, associa\u00e7\u00f5es da sociedade civil e universidades&#8221;.<\/p>\n<p>Assista ao v\u00eddeo: <a href=\"https:\/\/www.youtube.com\/watch?v=IYKJtbmmIpQ&amp;ab_channel=CPLP-ComunidadedosPa%C3%ADsesdeL%C3%ADnguaPortuguesa\">https:\/\/www.youtube.com\/watch?v=IYKJtbmmIpQ&amp;ab_channel=CPLP-ComunidadedosPa%C3%ADsesdeL%C3%ADnguaPortuguesa<\/a><\/p>\n<p>&nbsp;<\/p>\n","protected":false},"excerpt":{"rendered":"<p>&#8220;A Comunidade dos Pa\u00edses de L\u00edngua Portuguesa [&hellip;]<\/p>\n","protected":false},"author":4,"featured_media":4200,"comment_status":"closed","ping_status":"open","sticky":false,"template":"","format":"standard","meta":[],"categories":[1],"tags":[],"yoast_head":"<!-- This site is optimized with the Yoast SEO plugin v15.2.1 - https:\/\/yoast.com\/wordpress\/plugins\/seo\/ -->\n<title>Assista ao v\u00eddeo: Promo\u00e7\u00e3o de Sistemas Alimentares Territoriais Sustent\u00e1veis na CPLP | Alimenta CPLP!<\/title>\n<meta name=\"robots\" content=\"index, follow, max-snippet:-1, max-image-preview:large, max-video-preview:-1\" \/>\n<link rel=\"canonical\" href=\"https:\/\/alimentacplp.com\/home\/2021\/02\/01\/assista-ao-video-promocao-de-sistemas-alimentares-territoriais-sustentaveis-na-cplp\/\" \/>\n<meta property=\"og:locale\" content=\"pt_BR\" \/>\n<meta property=\"og:type\" content=\"article\" \/>\n<meta property=\"og:title\" content=\"Assista ao v\u00eddeo: Promo\u00e7\u00e3o de Sistemas Alimentares Territoriais Sustent\u00e1veis na CPLP | Alimenta CPLP!\" \/>\n<meta property=\"og:description\" content=\"&#8220;A Comunidade dos Pa\u00edses de L\u00edngua Portuguesa [&hellip;]\" \/>\n<meta property=\"og:url\" content=\"https:\/\/alimentacplp.com\/home\/2021\/02\/01\/assista-ao-video-promocao-de-sistemas-alimentares-territoriais-sustentaveis-na-cplp\/\" \/>\n<meta property=\"og:site_name\" content=\"Alimenta CPLP!\" \/>\n<meta property=\"article:publisher\" content=\"https:\/\/www.facebook.com\/Alimenta-CPLP-114985186857112\/\" \/>\n<meta property=\"article:published_time\" content=\"2021-02-01T17:36:45+00:00\" \/>\n<meta property=\"article:modified_time\" content=\"2021-02-01T17:37:40+00:00\" \/>\n<meta property=\"og:image\" content=\"https:\/\/alimentacplp.com\/wp-content\/uploads\/2021\/02\/video-alimenta.jpg\" \/>\n\t<meta property=\"og:image:width\" content=\"314\" \/>\n\t<meta property=\"og:image:height\" content=\"323\" \/>\n<meta name=\"twitter:card\" content=\"summary_large_image\" \/>\n<meta name=\"twitter:label1\" content=\"Written by\">\n\t<meta name=\"twitter:data1\" content=\"Actuar Acd\">\n\t<meta name=\"twitter:label2\" content=\"Est. reading time\">\n\t<meta name=\"twitter:data2\" content=\"0 minuto\">\n<script type=\"application\/ld+json\" class=\"yoast-schema-graph\">{\"@context\":\"https:\/\/schema.org\",\"@graph\":[{\"@type\":\"WebSite\",\"@id\":\"https:\/\/alimentacplp.com\/home\/#website\",\"url\":\"https:\/\/alimentacplp.com\/home\/\",\"name\":\"Alimenta CPLP!\",\"description\":\"Observat\\u00f3rio COVID-19 CPLP\",\"potentialAction\":[{\"@type\":\"SearchAction\",\"target\":\"https:\/\/alimentacplp.com\/home\/?s={search_term_string}\",\"query-input\":\"required name=search_term_string\"}],\"inLanguage\":\"pt-BR\"},{\"@type\":\"ImageObject\",\"@id\":\"https:\/\/alimentacplp.com\/home\/2021\/02\/01\/assista-ao-video-promocao-de-sistemas-alimentares-territoriais-sustentaveis-na-cplp\/#primaryimage\",\"inLanguage\":\"pt-BR\",\"url\":\"https:\/\/alimentacplp.com\/wp-content\/uploads\/2021\/02\/video-alimenta.jpg\",\"width\":314,\"height\":323},{\"@type\":\"WebPage\",\"@id\":\"https:\/\/alimentacplp.com\/home\/2021\/02\/01\/assista-ao-video-promocao-de-sistemas-alimentares-territoriais-sustentaveis-na-cplp\/#webpage\",\"url\":\"https:\/\/alimentacplp.com\/home\/2021\/02\/01\/assista-ao-video-promocao-de-sistemas-alimentares-territoriais-sustentaveis-na-cplp\/\",\"name\":\"Assista ao v\\u00eddeo: Promo\\u00e7\\u00e3o de Sistemas Alimentares Territoriais Sustent\\u00e1veis na CPLP | Alimenta CPLP!\",\"isPartOf\":{\"@id\":\"https:\/\/alimentacplp.com\/home\/#website\"},\"primaryImageOfPage\":{\"@id\":\"https:\/\/alimentacplp.com\/home\/2021\/02\/01\/assista-ao-video-promocao-de-sistemas-alimentares-territoriais-sustentaveis-na-cplp\/#primaryimage\"},\"datePublished\":\"2021-02-01T17:36:45+00:00\",\"dateModified\":\"2021-02-01T17:37:40+00:00\",\"author\":{\"@id\":\"https:\/\/alimentacplp.com\/home\/#\/schema\/person\/b3156be85f55e704cfcb7550333e9b3c\"},\"inLanguage\":\"pt-BR\",\"potentialAction\":[{\"@type\":\"ReadAction\",\"target\":[\"https:\/\/alimentacplp.com\/home\/2021\/02\/01\/assista-ao-video-promocao-de-sistemas-alimentares-territoriais-sustentaveis-na-cplp\/\"]}]},{\"@type\":\"Person\",\"@id\":\"https:\/\/alimentacplp.com\/home\/#\/schema\/person\/b3156be85f55e704cfcb7550333e9b3c\",\"name\":\"Actuar Acd\",\"image\":{\"@type\":\"ImageObject\",\"@id\":\"https:\/\/alimentacplp.com\/home\/#personlogo\",\"inLanguage\":\"pt-BR\",\"url\":\"https:\/\/secure.gravatar.com\/avatar\/ac2cc7eb67ee1d806fbb58dcc65dd14c?s=96&d=mm&r=g\",\"caption\":\"Actuar Acd\"},\"sameAs\":[\"http:\/\/actuar-acd.org\"]}]}<\/script>\n<!-- \/ Yoast SEO plugin. -->","_links":{"self":[{"href":"https:\/\/alimentacplp.com\/home\/wp-json\/wp\/v2\/posts\/4199"}],"collection":[{"href":"https:\/\/alimentacplp.com\/home\/wp-json\/wp\/v2\/posts"}],"about":[{"href":"https:\/\/alimentacplp.com\/home\/wp-json\/wp\/v2\/types\/post"}],"author":[{"embeddable":true,"href":"https:\/\/alimentacplp.com\/home\/wp-json\/wp\/v2\/users\/4"}],"replies":[{"embeddable":true,"href":"https:\/\/alimentacplp.com\/home\/wp-json\/wp\/v2\/comments?post=4199"}],"version-history":[{"count":1,"href":"https:\/\/alimentacplp.com\/home\/wp-json\/wp\/v2\/posts\/4199\/revisions"}],"predecessor-version":[{"id":4201,"href":"https:\/\/alimentacplp.com\/home\/wp-json\/wp\/v2\/posts\/4199\/revisions\/4201"}],"wp:featuredmedia":[{"embeddable":true,"href":"https:\/\/alimentacplp.com\/home\/wp-json\/wp\/v2\/media\/4200"}],"wp:attachment":[{"href":"https:\/\/alimentacplp.com\/home\/wp-json\/wp\/v2\/media?parent=4199"}],"wp:term":[{"taxonomy":"category","embeddable":true,"href":"https:\/\/alimentacplp.com\/home\/wp-json\/wp\/v2\/categories?post=4199"},{"taxonomy":"post_tag","embeddable":true,"href":"https:\/\/alimentacplp.com\/home\/wp-json\/wp\/v2\/tags?post=4199"}],"curies":[{"name":"wp","href":"https:\/\/api.w.org\/{rel}","templated":true}]}}