{"id":4202,"date":"2021-02-01T19:02:28","date_gmt":"2021-02-01T18:02:28","guid":{"rendered":"https:\/\/alimentacplp.com\/home\/?p=4202"},"modified":"2021-02-01T19:08:43","modified_gmt":"2021-02-01T18:08:43","slug":"sistemas-territoriais-de-alimentos-e-dietas-saudaveis-um-caminho-para-a-transformacao-global","status":"publish","type":"post","link":"https:\/\/alimentacplp.com\/home\/2021\/02\/01\/sistemas-territoriais-de-alimentos-e-dietas-saudaveis-um-caminho-para-a-transformacao-global\/","title":{"rendered":"Assista ao webinar: Sistemas Territoriais de Alimentos e Dietas Saud\u00e1veis \u2013 um caminho para a transforma\u00e7\u00e3o global"},"content":{"rendered":"<p>A utiliza\u00e7\u00e3o de abordagens territoriais para a promo\u00e7\u00e3o de sistemas alimentares sustent\u00e1veis foi um dos principais temas do webinar organizado pelo Gabinete da FAO em Bruxelas e pela Presid\u00eancia Portuguesa do Conselho da Uni\u00e3o Europeia.<\/p>\n<p>A Comunidade dos Pa\u00edses de L\u00edngua Portuguesa (CPLP) deu exemplos de abordagem territorial e de pr\u00e1ticas na \u00e1rea, desenvolvidas em coopera\u00e7\u00e3o com a FAO. Participaram do debate representantes do Minist\u00e9rio da Agricultura de S\u00e3o Tom\u00e9 e Pr\u00edncipe, do Instituto Cam\u00f5es (Ag\u00eancia de Coopera\u00e7\u00e3o Portuguesa), do Comit\u00e9 Econ\u00f3mico e Social da UE e da ONG ACTUAR.<\/p>\n<p>Saiba mais em:<br \/>\n<a href=\"http:\/\/www.fao.org\/brussels\/news\/detail\/en\/c\/1371403\/\">http:\/\/www.fao.org\/brussels\/news\/detail\/en\/c\/1371403\/<\/a><\/p>\n<p>Assista ao webinar:<\/p>\n<p><a href=\"https:\/\/fao.zoom.us\/rec\/play\/ZYLLfOjjlLCOUNvfXVgLwa7Gpxun8H4K-0Y3ItKFxk_Wz4VDageVVJF5jvkuyC_oZ7t7vxQujk9uN2bv.hS_Cct2AYS0jZaDC?startTime=\">https:\/\/fao.zoom.us\/rec\/play\/ZYLLfOjjlLCOUNvfXVgLwa7Gpxun8H4K-0Y3ItKFxk_Wz4VDageVVJF5jvkuyC_oZ7t7vxQujk9uN2bv.hS_Cct2AYS0jZaDC?startTime=<\/a><\/p>\n","protected":false},"excerpt":{"rendered":"<p>A utiliza\u00e7\u00e3o de abordagens territoriais para a [&hellip;]<\/p>\n","protected":false},"author":4,"featured_media":3946,"comment_status":"closed","ping_status":"open","sticky":false,"template":"","format":"standard","meta":[],"categories":[1],"tags":[],"yoast_head":"<!-- This site is optimized with the Yoast SEO plugin v15.2.1 - https:\/\/yoast.com\/wordpress\/plugins\/seo\/ -->\n<title>Assista ao webinar: Sistemas Territoriais de Alimentos e Dietas Saud\u00e1veis \u2013 um caminho para a transforma\u00e7\u00e3o global | Alimenta CPLP!<\/title>\n<meta name=\"robots\" content=\"index, follow, max-snippet:-1, max-image-preview:large, max-video-preview:-1\" \/>\n<link rel=\"canonical\" href=\"https:\/\/alimentacplp.com\/home\/2021\/02\/01\/sistemas-territoriais-de-alimentos-e-dietas-saudaveis-um-caminho-para-a-transformacao-global\/\" \/>\n<meta property=\"og:locale\" content=\"pt_BR\" \/>\n<meta property=\"og:type\" content=\"article\" \/>\n<meta property=\"og:title\" content=\"Assista ao webinar: Sistemas Territoriais de Alimentos e Dietas Saud\u00e1veis \u2013 um caminho para a transforma\u00e7\u00e3o global | Alimenta CPLP!\" \/>\n<meta property=\"og:description\" content=\"A utiliza\u00e7\u00e3o de abordagens territoriais para a [&hellip;]\" \/>\n<meta property=\"og:url\" content=\"https:\/\/alimentacplp.com\/home\/2021\/02\/01\/sistemas-territoriais-de-alimentos-e-dietas-saudaveis-um-caminho-para-a-transformacao-global\/\" \/>\n<meta property=\"og:site_name\" content=\"Alimenta CPLP!\" \/>\n<meta property=\"article:publisher\" content=\"https:\/\/www.facebook.com\/Alimenta-CPLP-114985186857112\/\" \/>\n<meta property=\"article:published_time\" content=\"2021-02-01T18:02:28+00:00\" \/>\n<meta property=\"article:modified_time\" content=\"2021-02-01T18:08:43+00:00\" \/>\n<meta property=\"og:image\" content=\"https:\/\/alimentacplp.com\/wp-content\/uploads\/2020\/08\/coffee-4591173_1920.jpg\" \/>\n\t<meta property=\"og:image:width\" content=\"1280\" \/>\n\t<meta property=\"og:image:height\" content=\"1920\" \/>\n<meta name=\"twitter:card\" content=\"summary_large_image\" \/>\n<meta name=\"twitter:label1\" content=\"Written by\">\n\t<meta name=\"twitter:data1\" content=\"Actuar Acd\">\n\t<meta name=\"twitter:label2\" content=\"Est. reading time\">\n\t<meta name=\"twitter:data2\" content=\"1 minuto\">\n<script type=\"application\/ld+json\" class=\"yoast-schema-graph\">{\"@context\":\"https:\/\/schema.org\",\"@graph\":[{\"@type\":\"WebSite\",\"@id\":\"https:\/\/alimentacplp.com\/home\/#website\",\"url\":\"https:\/\/alimentacplp.com\/home\/\",\"name\":\"Alimenta CPLP!\",\"description\":\"Observat\\u00f3rio COVID-19 CPLP\",\"potentialAction\":[{\"@type\":\"SearchAction\",\"target\":\"https:\/\/alimentacplp.com\/home\/?s={search_term_string}\",\"query-input\":\"required name=search_term_string\"}],\"inLanguage\":\"pt-BR\"},{\"@type\":\"ImageObject\",\"@id\":\"https:\/\/alimentacplp.com\/home\/2021\/02\/01\/sistemas-territoriais-de-alimentos-e-dietas-saudaveis-um-caminho-para-a-transformacao-global\/#primaryimage\",\"inLanguage\":\"pt-BR\",\"url\":\"https:\/\/alimentacplp.com\/wp-content\/uploads\/2020\/08\/coffee-4591173_1920.jpg\",\"width\":1280,\"height\":1920},{\"@type\":\"WebPage\",\"@id\":\"https:\/\/alimentacplp.com\/home\/2021\/02\/01\/sistemas-territoriais-de-alimentos-e-dietas-saudaveis-um-caminho-para-a-transformacao-global\/#webpage\",\"url\":\"https:\/\/alimentacplp.com\/home\/2021\/02\/01\/sistemas-territoriais-de-alimentos-e-dietas-saudaveis-um-caminho-para-a-transformacao-global\/\",\"name\":\"Assista ao webinar: Sistemas Territoriais de Alimentos e Dietas Saud\\u00e1veis \\u2013 um caminho para a transforma\\u00e7\\u00e3o global | Alimenta CPLP!\",\"isPartOf\":{\"@id\":\"https:\/\/alimentacplp.com\/home\/#website\"},\"primaryImageOfPage\":{\"@id\":\"https:\/\/alimentacplp.com\/home\/2021\/02\/01\/sistemas-territoriais-de-alimentos-e-dietas-saudaveis-um-caminho-para-a-transformacao-global\/#primaryimage\"},\"datePublished\":\"2021-02-01T18:02:28+00:00\",\"dateModified\":\"2021-02-01T18:08:43+00:00\",\"author\":{\"@id\":\"https:\/\/alimentacplp.com\/home\/#\/schema\/person\/b3156be85f55e704cfcb7550333e9b3c\"},\"inLanguage\":\"pt-BR\",\"potentialAction\":[{\"@type\":\"ReadAction\",\"target\":[\"https:\/\/alimentacplp.com\/home\/2021\/02\/01\/sistemas-territoriais-de-alimentos-e-dietas-saudaveis-um-caminho-para-a-transformacao-global\/\"]}]},{\"@type\":\"Person\",\"@id\":\"https:\/\/alimentacplp.com\/home\/#\/schema\/person\/b3156be85f55e704cfcb7550333e9b3c\",\"name\":\"Actuar Acd\",\"image\":{\"@type\":\"ImageObject\",\"@id\":\"https:\/\/alimentacplp.com\/home\/#personlogo\",\"inLanguage\":\"pt-BR\",\"url\":\"https:\/\/secure.gravatar.com\/avatar\/ac2cc7eb67ee1d806fbb58dcc65dd14c?s=96&d=mm&r=g\",\"caption\":\"Actuar Acd\"},\"sameAs\":[\"http:\/\/actuar-acd.org\"]}]}<\/script>\n<!-- \/ Yoast SEO plugin. -->","_links":{"self":[{"href":"https:\/\/alimentacplp.com\/home\/wp-json\/wp\/v2\/posts\/4202"}],"collection":[{"href":"https:\/\/alimentacplp.com\/home\/wp-json\/wp\/v2\/posts"}],"about":[{"href":"https:\/\/alimentacplp.com\/home\/wp-json\/wp\/v2\/types\/post"}],"author":[{"embeddable":true,"href":"https:\/\/alimentacplp.com\/home\/wp-json\/wp\/v2\/users\/4"}],"replies":[{"embeddable":true,"href":"https:\/\/alimentacplp.com\/home\/wp-json\/wp\/v2\/comments?post=4202"}],"version-history":[{"count":5,"href":"https:\/\/alimentacplp.com\/home\/wp-json\/wp\/v2\/posts\/4202\/revisions"}],"predecessor-version":[{"id":4209,"href":"https:\/\/alimentacplp.com\/home\/wp-json\/wp\/v2\/posts\/4202\/revisions\/4209"}],"wp:featuredmedia":[{"embeddable":true,"href":"https:\/\/alimentacplp.com\/home\/wp-json\/wp\/v2\/media\/3946"}],"wp:attachment":[{"href":"https:\/\/alimentacplp.com\/home\/wp-json\/wp\/v2\/media?parent=4202"}],"wp:term":[{"taxonomy":"category","embeddable":true,"href":"https:\/\/alimentacplp.com\/home\/wp-json\/wp\/v2\/categories?post=4202"},{"taxonomy":"post_tag","embeddable":true,"href":"https:\/\/alimentacplp.com\/home\/wp-json\/wp\/v2\/tags?post=4202"}],"curies":[{"name":"wp","href":"https:\/\/api.w.org\/{rel}","templated":true}]}}