{"id":4217,"date":"2021-02-12T18:34:07","date_gmt":"2021-02-12T17:34:07","guid":{"rendered":"https:\/\/alimentacplp.com\/home\/?p=4217"},"modified":"2021-02-12T18:36:47","modified_gmt":"2021-02-12T17:36:47","slug":"a-mulher-que-esta-a-transformar-a-agricultura-no-continente-africano","status":"publish","type":"post","link":"https:\/\/alimentacplp.com\/home\/2021\/02\/12\/a-mulher-que-esta-a-transformar-a-agricultura-no-continente-africano\/","title":{"rendered":"A mulher que est\u00e1 a transformar a agricultura no continente africano"},"content":{"rendered":"<p>Josefa Sacko, a mulher que, nos \u00faltimos quatro anos dirigiu um dos mais importantes departamentos da Uni\u00e3o Africana, que trata da Agricultura e Desenvolvimento Rural, j\u00e1 n\u00e3o \u00e9 s\u00f3 uma das angolanas mais conhecida no continente. \u00c9, tamb\u00e9m, das africanas mais respeitadas e ouvidas em todo o mundo, quando o assunto \u00e9 agricultura.<\/p>\n<p>Veja mais em: <a href=\"https:\/\/www.plataformamedia.com\/2021\/01\/31\/a-mulher-que-esta-a-transformar-a-agricultura-no-continente\/\">https:\/\/www.plataformamedia.com\/2021\/01\/31\/a-mulher-que-esta-a-transformar-a-agricultura-no-continente\/<\/a><\/p>\n","protected":false},"excerpt":{"rendered":"<p>Josefa Sacko, a mulher que, nos \u00faltimos [&hellip;]<\/p>\n","protected":false},"author":2,"featured_media":3906,"comment_status":"closed","ping_status":"open","sticky":false,"template":"","format":"standard","meta":[],"categories":[1],"tags":[],"yoast_head":"<!-- This site is optimized with the Yoast SEO plugin v15.2.1 - https:\/\/yoast.com\/wordpress\/plugins\/seo\/ -->\n<title>A mulher que est\u00e1 a transformar a agricultura no continente africano | Alimenta CPLP!<\/title>\n<meta name=\"robots\" content=\"index, follow, max-snippet:-1, max-image-preview:large, max-video-preview:-1\" \/>\n<link rel=\"canonical\" href=\"https:\/\/alimentacplp.com\/home\/2021\/02\/12\/a-mulher-que-esta-a-transformar-a-agricultura-no-continente-africano\/\" \/>\n<meta property=\"og:locale\" content=\"pt_BR\" \/>\n<meta property=\"og:type\" content=\"article\" \/>\n<meta property=\"og:title\" content=\"A mulher que est\u00e1 a transformar a agricultura no continente africano | Alimenta CPLP!\" \/>\n<meta property=\"og:description\" content=\"Josefa Sacko, a mulher que, nos \u00faltimos [&hellip;]\" \/>\n<meta property=\"og:url\" content=\"https:\/\/alimentacplp.com\/home\/2021\/02\/12\/a-mulher-que-esta-a-transformar-a-agricultura-no-continente-africano\/\" \/>\n<meta property=\"og:site_name\" content=\"Alimenta CPLP!\" \/>\n<meta property=\"article:publisher\" content=\"https:\/\/www.facebook.com\/Alimenta-CPLP-114985186857112\/\" \/>\n<meta property=\"article:published_time\" content=\"2021-02-12T17:34:07+00:00\" \/>\n<meta property=\"article:modified_time\" content=\"2021-02-12T17:36:47+00:00\" \/>\n<meta property=\"og:image\" content=\"https:\/\/alimentacplp.com\/wp-content\/uploads\/2020\/07\/home-foto.jpg\" \/>\n\t<meta property=\"og:image:width\" content=\"625\" \/>\n\t<meta property=\"og:image:height\" content=\"417\" \/>\n<meta name=\"twitter:card\" content=\"summary_large_image\" \/>\n<meta name=\"twitter:label1\" content=\"Written by\">\n\t<meta name=\"twitter:data1\" content=\"Alimenta CPLP\">\n\t<meta name=\"twitter:label2\" content=\"Est. reading time\">\n\t<meta name=\"twitter:data2\" content=\"0 minuto\">\n<script type=\"application\/ld+json\" class=\"yoast-schema-graph\">{\"@context\":\"https:\/\/schema.org\",\"@graph\":[{\"@type\":\"WebSite\",\"@id\":\"https:\/\/alimentacplp.com\/home\/#website\",\"url\":\"https:\/\/alimentacplp.com\/home\/\",\"name\":\"Alimenta CPLP!\",\"description\":\"Observat\\u00f3rio COVID-19 CPLP\",\"potentialAction\":[{\"@type\":\"SearchAction\",\"target\":\"https:\/\/alimentacplp.com\/home\/?s={search_term_string}\",\"query-input\":\"required name=search_term_string\"}],\"inLanguage\":\"pt-BR\"},{\"@type\":\"ImageObject\",\"@id\":\"https:\/\/alimentacplp.com\/home\/2021\/02\/12\/a-mulher-que-esta-a-transformar-a-agricultura-no-continente-africano\/#primaryimage\",\"inLanguage\":\"pt-BR\",\"url\":\"https:\/\/alimentacplp.com\/wp-content\/uploads\/2020\/07\/home-foto.jpg\",\"width\":625,\"height\":417},{\"@type\":\"WebPage\",\"@id\":\"https:\/\/alimentacplp.com\/home\/2021\/02\/12\/a-mulher-que-esta-a-transformar-a-agricultura-no-continente-africano\/#webpage\",\"url\":\"https:\/\/alimentacplp.com\/home\/2021\/02\/12\/a-mulher-que-esta-a-transformar-a-agricultura-no-continente-africano\/\",\"name\":\"A mulher que est\\u00e1 a transformar a agricultura no continente africano | Alimenta CPLP!\",\"isPartOf\":{\"@id\":\"https:\/\/alimentacplp.com\/home\/#website\"},\"primaryImageOfPage\":{\"@id\":\"https:\/\/alimentacplp.com\/home\/2021\/02\/12\/a-mulher-que-esta-a-transformar-a-agricultura-no-continente-africano\/#primaryimage\"},\"datePublished\":\"2021-02-12T17:34:07+00:00\",\"dateModified\":\"2021-02-12T17:36:47+00:00\",\"author\":{\"@id\":\"https:\/\/alimentacplp.com\/home\/#\/schema\/person\/c6d7e6e0e6225ea6326dc847d0bb1b34\"},\"inLanguage\":\"pt-BR\",\"potentialAction\":[{\"@type\":\"ReadAction\",\"target\":[\"https:\/\/alimentacplp.com\/home\/2021\/02\/12\/a-mulher-que-esta-a-transformar-a-agricultura-no-continente-africano\/\"]}]},{\"@type\":\"Person\",\"@id\":\"https:\/\/alimentacplp.com\/home\/#\/schema\/person\/c6d7e6e0e6225ea6326dc847d0bb1b34\",\"name\":\"Alimenta CPLP\",\"image\":{\"@type\":\"ImageObject\",\"@id\":\"https:\/\/alimentacplp.com\/home\/#personlogo\",\"inLanguage\":\"pt-BR\",\"url\":\"https:\/\/secure.gravatar.com\/avatar\/6ea32ca320819dda6d6f2d89f3d50639?s=96&d=mm&r=g\",\"caption\":\"Alimenta CPLP\"},\"description\":\"Esta plataforma est\\u00e1 aberta a todas as organiza\\u00e7\\u00f5es da sociedade civil, academia, setor privado e governos dos Estados \\u2013 Membro da Comunidade de Pa\\u00edses de L\\u00edngua Portuguesa e \\u00e9 facilitada tecnicamente pela ACTUAR \\u2013 Associa\\u00e7\\u00e3o para a Coopera\\u00e7\\u00e3o e Desenvolvimento. Para contatar a equipe do site entre em contato.\"}]}<\/script>\n<!-- \/ Yoast SEO plugin. -->","_links":{"self":[{"href":"https:\/\/alimentacplp.com\/home\/wp-json\/wp\/v2\/posts\/4217"}],"collection":[{"href":"https:\/\/alimentacplp.com\/home\/wp-json\/wp\/v2\/posts"}],"about":[{"href":"https:\/\/alimentacplp.com\/home\/wp-json\/wp\/v2\/types\/post"}],"author":[{"embeddable":true,"href":"https:\/\/alimentacplp.com\/home\/wp-json\/wp\/v2\/users\/2"}],"replies":[{"embeddable":true,"href":"https:\/\/alimentacplp.com\/home\/wp-json\/wp\/v2\/comments?post=4217"}],"version-history":[{"count":2,"href":"https:\/\/alimentacplp.com\/home\/wp-json\/wp\/v2\/posts\/4217\/revisions"}],"predecessor-version":[{"id":4219,"href":"https:\/\/alimentacplp.com\/home\/wp-json\/wp\/v2\/posts\/4217\/revisions\/4219"}],"wp:featuredmedia":[{"embeddable":true,"href":"https:\/\/alimentacplp.com\/home\/wp-json\/wp\/v2\/media\/3906"}],"wp:attachment":[{"href":"https:\/\/alimentacplp.com\/home\/wp-json\/wp\/v2\/media?parent=4217"}],"wp:term":[{"taxonomy":"category","embeddable":true,"href":"https:\/\/alimentacplp.com\/home\/wp-json\/wp\/v2\/categories?post=4217"},{"taxonomy":"post_tag","embeddable":true,"href":"https:\/\/alimentacplp.com\/home\/wp-json\/wp\/v2\/tags?post=4217"}],"curies":[{"name":"wp","href":"https:\/\/api.w.org\/{rel}","templated":true}]}}