{"id":4232,"date":"2021-02-23T19:02:01","date_gmt":"2021-02-23T18:02:01","guid":{"rendered":"https:\/\/alimentacplp.com\/home\/?p=4232"},"modified":"2021-02-23T19:02:01","modified_gmt":"2021-02-23T18:02:01","slug":"cplp-quer-reforcar-cooperacao-com-a-onu-na-defesa-dos-direitos-humanos","status":"publish","type":"post","link":"https:\/\/alimentacplp.com\/home\/2021\/02\/23\/cplp-quer-reforcar-cooperacao-com-a-onu-na-defesa-dos-direitos-humanos\/","title":{"rendered":"CPLP quer refor\u00e7ar coopera\u00e7\u00e3o com a ONU na defesa dos direitos humanos"},"content":{"rendered":"<p>O secret\u00e1rio-executivo da Comunidade dos Pa\u00edses de L\u00edngua Portuguesa (CPLP), Francisci Ribeiro Telles, defendeu a coopera\u00e7\u00e3o com ag\u00eancias da ONU e deu o exemplo da colabora\u00e7\u00e3o com a FAO (Organiza\u00e7\u00e3o das Na\u00e7\u00f5es Unidas para Alimenta\u00e7\u00e3o e Agricultura) no quadro da Estrat\u00e9gia de Seguran\u00e7a Alimentar e Nutricional da comunidade, \u201cassente na consagra\u00e7\u00e3o do direito humano \u00e0 alimenta\u00e7\u00e3o adequada\u201d. O embaixador discursou durante 46\u00aa sess\u00e3o do Conselho de Direitos Humanos da ONU.<\/p>\n<p>Veja mais em: <a href=\"https:\/\/www.publico.pt\/2021\/02\/23\/politica\/noticia\/cplp-quer-reforcar-cooperacao-onu-defesa-direitos-humanos-1951752\">https:\/\/www.publico.pt\/2021\/02\/23\/politica\/noticia\/cplp-quer-reforcar-cooperacao-onu-defesa-direitos-humanos-1951752<\/a><\/p>\n","protected":false},"excerpt":{"rendered":"<p>O secret\u00e1rio-executivo da Comunidade dos Pa\u00edses de [&hellip;]<\/p>\n","protected":false},"author":4,"featured_media":2452,"comment_status":"closed","ping_status":"open","sticky":false,"template":"","format":"standard","meta":[],"categories":[1],"tags":[],"yoast_head":"<!-- This site is optimized with the Yoast SEO plugin v15.2.1 - https:\/\/yoast.com\/wordpress\/plugins\/seo\/ -->\n<title>CPLP quer refor\u00e7ar coopera\u00e7\u00e3o com a ONU na defesa dos direitos humanos | Alimenta CPLP!<\/title>\n<meta name=\"robots\" content=\"index, follow, max-snippet:-1, max-image-preview:large, max-video-preview:-1\" \/>\n<link rel=\"canonical\" href=\"https:\/\/alimentacplp.com\/home\/2021\/02\/23\/cplp-quer-reforcar-cooperacao-com-a-onu-na-defesa-dos-direitos-humanos\/\" \/>\n<meta property=\"og:locale\" content=\"pt_BR\" \/>\n<meta property=\"og:type\" content=\"article\" \/>\n<meta property=\"og:title\" content=\"CPLP quer refor\u00e7ar coopera\u00e7\u00e3o com a ONU na defesa dos direitos humanos | Alimenta CPLP!\" \/>\n<meta property=\"og:description\" content=\"O secret\u00e1rio-executivo da Comunidade dos Pa\u00edses de [&hellip;]\" \/>\n<meta property=\"og:url\" content=\"https:\/\/alimentacplp.com\/home\/2021\/02\/23\/cplp-quer-reforcar-cooperacao-com-a-onu-na-defesa-dos-direitos-humanos\/\" \/>\n<meta property=\"og:site_name\" content=\"Alimenta CPLP!\" \/>\n<meta property=\"article:publisher\" content=\"https:\/\/www.facebook.com\/Alimenta-CPLP-114985186857112\/\" \/>\n<meta property=\"article:published_time\" content=\"2021-02-23T18:02:01+00:00\" \/>\n<meta property=\"og:image\" content=\"https:\/\/alimentacplp.com\/wp-content\/uploads\/2020\/05\/actuar_Slide_Home_03.jpg\" \/>\n\t<meta property=\"og:image:width\" content=\"2000\" \/>\n\t<meta property=\"og:image:height\" content=\"1200\" \/>\n<meta name=\"twitter:card\" content=\"summary_large_image\" \/>\n<meta name=\"twitter:label1\" content=\"Written by\">\n\t<meta name=\"twitter:data1\" content=\"Actuar Acd\">\n\t<meta name=\"twitter:label2\" content=\"Est. reading time\">\n\t<meta name=\"twitter:data2\" content=\"0 minuto\">\n<script type=\"application\/ld+json\" class=\"yoast-schema-graph\">{\"@context\":\"https:\/\/schema.org\",\"@graph\":[{\"@type\":\"WebSite\",\"@id\":\"https:\/\/alimentacplp.com\/home\/#website\",\"url\":\"https:\/\/alimentacplp.com\/home\/\",\"name\":\"Alimenta CPLP!\",\"description\":\"Observat\\u00f3rio COVID-19 CPLP\",\"potentialAction\":[{\"@type\":\"SearchAction\",\"target\":\"https:\/\/alimentacplp.com\/home\/?s={search_term_string}\",\"query-input\":\"required name=search_term_string\"}],\"inLanguage\":\"pt-BR\"},{\"@type\":\"ImageObject\",\"@id\":\"https:\/\/alimentacplp.com\/home\/2021\/02\/23\/cplp-quer-reforcar-cooperacao-com-a-onu-na-defesa-dos-direitos-humanos\/#primaryimage\",\"inLanguage\":\"pt-BR\",\"url\":\"https:\/\/alimentacplp.com\/wp-content\/uploads\/2020\/05\/actuar_Slide_Home_03.jpg\",\"width\":2000,\"height\":1200,\"caption\":\"Alimenta\\u00e7\\u00e3o CPLP! | Impacto do Covid-19 na alimenta\\u00e7\\u00e3o nos pa\\u00edses da CPLP | Alimenta\\u00e7\\u00e3o familiar | Agricultura sustent\\u00e1vel\"},{\"@type\":\"WebPage\",\"@id\":\"https:\/\/alimentacplp.com\/home\/2021\/02\/23\/cplp-quer-reforcar-cooperacao-com-a-onu-na-defesa-dos-direitos-humanos\/#webpage\",\"url\":\"https:\/\/alimentacplp.com\/home\/2021\/02\/23\/cplp-quer-reforcar-cooperacao-com-a-onu-na-defesa-dos-direitos-humanos\/\",\"name\":\"CPLP quer refor\\u00e7ar coopera\\u00e7\\u00e3o com a ONU na defesa dos direitos humanos | Alimenta CPLP!\",\"isPartOf\":{\"@id\":\"https:\/\/alimentacplp.com\/home\/#website\"},\"primaryImageOfPage\":{\"@id\":\"https:\/\/alimentacplp.com\/home\/2021\/02\/23\/cplp-quer-reforcar-cooperacao-com-a-onu-na-defesa-dos-direitos-humanos\/#primaryimage\"},\"datePublished\":\"2021-02-23T18:02:01+00:00\",\"dateModified\":\"2021-02-23T18:02:01+00:00\",\"author\":{\"@id\":\"https:\/\/alimentacplp.com\/home\/#\/schema\/person\/b3156be85f55e704cfcb7550333e9b3c\"},\"inLanguage\":\"pt-BR\",\"potentialAction\":[{\"@type\":\"ReadAction\",\"target\":[\"https:\/\/alimentacplp.com\/home\/2021\/02\/23\/cplp-quer-reforcar-cooperacao-com-a-onu-na-defesa-dos-direitos-humanos\/\"]}]},{\"@type\":\"Person\",\"@id\":\"https:\/\/alimentacplp.com\/home\/#\/schema\/person\/b3156be85f55e704cfcb7550333e9b3c\",\"name\":\"Actuar Acd\",\"image\":{\"@type\":\"ImageObject\",\"@id\":\"https:\/\/alimentacplp.com\/home\/#personlogo\",\"inLanguage\":\"pt-BR\",\"url\":\"https:\/\/secure.gravatar.com\/avatar\/ac2cc7eb67ee1d806fbb58dcc65dd14c?s=96&d=mm&r=g\",\"caption\":\"Actuar Acd\"},\"sameAs\":[\"http:\/\/actuar-acd.org\"]}]}<\/script>\n<!-- \/ Yoast SEO plugin. -->","_links":{"self":[{"href":"https:\/\/alimentacplp.com\/home\/wp-json\/wp\/v2\/posts\/4232"}],"collection":[{"href":"https:\/\/alimentacplp.com\/home\/wp-json\/wp\/v2\/posts"}],"about":[{"href":"https:\/\/alimentacplp.com\/home\/wp-json\/wp\/v2\/types\/post"}],"author":[{"embeddable":true,"href":"https:\/\/alimentacplp.com\/home\/wp-json\/wp\/v2\/users\/4"}],"replies":[{"embeddable":true,"href":"https:\/\/alimentacplp.com\/home\/wp-json\/wp\/v2\/comments?post=4232"}],"version-history":[{"count":1,"href":"https:\/\/alimentacplp.com\/home\/wp-json\/wp\/v2\/posts\/4232\/revisions"}],"predecessor-version":[{"id":4233,"href":"https:\/\/alimentacplp.com\/home\/wp-json\/wp\/v2\/posts\/4232\/revisions\/4233"}],"wp:featuredmedia":[{"embeddable":true,"href":"https:\/\/alimentacplp.com\/home\/wp-json\/wp\/v2\/media\/2452"}],"wp:attachment":[{"href":"https:\/\/alimentacplp.com\/home\/wp-json\/wp\/v2\/media?parent=4232"}],"wp:term":[{"taxonomy":"category","embeddable":true,"href":"https:\/\/alimentacplp.com\/home\/wp-json\/wp\/v2\/categories?post=4232"},{"taxonomy":"post_tag","embeddable":true,"href":"https:\/\/alimentacplp.com\/home\/wp-json\/wp\/v2\/tags?post=4232"}],"curies":[{"name":"wp","href":"https:\/\/api.w.org\/{rel}","templated":true}]}}