{"id":4247,"date":"2021-03-31T11:43:42","date_gmt":"2021-03-31T10:43:42","guid":{"rendered":"https:\/\/alimentacplp.com\/home\/?p=4247"},"modified":"2021-03-31T11:43:42","modified_gmt":"2021-03-31T10:43:42","slug":"sao-tome-covid-nao-pode-ser-motivo-para-falta-de-alimento-aos-cidadaos","status":"publish","type":"post","link":"https:\/\/alimentacplp.com\/home\/2021\/03\/31\/sao-tome-covid-nao-pode-ser-motivo-para-falta-de-alimento-aos-cidadaos\/","title":{"rendered":"S\u00e3o Tom\u00e9: Covid n\u00e3o pode ser motivo para falta de alimento aos cidad\u00e3os"},"content":{"rendered":"<p>A pandemia da Covid-19 n\u00e3o pode nem deve ser motivo para que faltem alimentos para os cidad\u00e3os. Sem alimento n\u00e3o h\u00e1 sa\u00fade e sem sa\u00fade n\u00e3o h\u00e1 vida&#8221;, disse Delfim Neves hoje, \u00e0 margem dos trabalhos da 13\u00aa Reuni\u00e3o da Equipa Multidisciplinar do escrit\u00f3rio Sub-regional para a \u00c1frica Central da Organiza\u00e7\u00e3o das Na\u00e7\u00f5es Unidas para Alimenta\u00e7\u00e3o e Agricultura (FAO).<\/p>\n<p>Veja mais em:<a href=\"https:\/\/www.noticiasaominuto.com\/mundo\/1721794\/sao-tome-covid-nao-pode-ser-motivo-para-falta-de-alimento-aos-cidadaos\"> https:\/\/www.noticiasaominuto.com\/mundo\/1721794\/sao-tome-covid-nao-pode-ser-motivo-para-falta-de-alimento-aos-cidadaos<\/a><\/p>\n","protected":false},"excerpt":{"rendered":"<p>A pandemia da Covid-19 n\u00e3o pode nem [&hellip;]<\/p>\n","protected":false},"author":4,"featured_media":3986,"comment_status":"closed","ping_status":"open","sticky":false,"template":"","format":"standard","meta":[],"categories":[41,1],"tags":[],"yoast_head":"<!-- This site is optimized with the Yoast SEO plugin v15.2.1 - https:\/\/yoast.com\/wordpress\/plugins\/seo\/ -->\n<title>S\u00e3o Tom\u00e9: Covid n\u00e3o pode ser motivo para falta de alimento aos cidad\u00e3os | Alimenta CPLP!<\/title>\n<meta name=\"robots\" content=\"index, follow, max-snippet:-1, max-image-preview:large, max-video-preview:-1\" \/>\n<link rel=\"canonical\" href=\"https:\/\/alimentacplp.com\/home\/2021\/03\/31\/sao-tome-covid-nao-pode-ser-motivo-para-falta-de-alimento-aos-cidadaos\/\" \/>\n<meta property=\"og:locale\" content=\"pt_BR\" \/>\n<meta property=\"og:type\" content=\"article\" \/>\n<meta property=\"og:title\" content=\"S\u00e3o Tom\u00e9: Covid n\u00e3o pode ser motivo para falta de alimento aos cidad\u00e3os | Alimenta CPLP!\" \/>\n<meta property=\"og:description\" content=\"A pandemia da Covid-19 n\u00e3o pode nem [&hellip;]\" \/>\n<meta property=\"og:url\" content=\"https:\/\/alimentacplp.com\/home\/2021\/03\/31\/sao-tome-covid-nao-pode-ser-motivo-para-falta-de-alimento-aos-cidadaos\/\" \/>\n<meta property=\"og:site_name\" content=\"Alimenta CPLP!\" \/>\n<meta property=\"article:publisher\" content=\"https:\/\/www.facebook.com\/Alimenta-CPLP-114985186857112\/\" \/>\n<meta property=\"article:published_time\" content=\"2021-03-31T10:43:42+00:00\" \/>\n<meta property=\"og:image\" content=\"https:\/\/alimentacplp.com\/wp-content\/uploads\/2020\/08\/regador.jpg\" \/>\n\t<meta property=\"og:image:width\" content=\"1920\" \/>\n\t<meta property=\"og:image:height\" content=\"1280\" \/>\n<meta name=\"twitter:card\" content=\"summary_large_image\" \/>\n<meta name=\"twitter:label1\" content=\"Written by\">\n\t<meta name=\"twitter:data1\" content=\"Actuar Acd\">\n\t<meta name=\"twitter:label2\" content=\"Est. reading time\">\n\t<meta name=\"twitter:data2\" content=\"0 minuto\">\n<script type=\"application\/ld+json\" class=\"yoast-schema-graph\">{\"@context\":\"https:\/\/schema.org\",\"@graph\":[{\"@type\":\"WebSite\",\"@id\":\"https:\/\/alimentacplp.com\/home\/#website\",\"url\":\"https:\/\/alimentacplp.com\/home\/\",\"name\":\"Alimenta CPLP!\",\"description\":\"Observat\\u00f3rio COVID-19 CPLP\",\"potentialAction\":[{\"@type\":\"SearchAction\",\"target\":\"https:\/\/alimentacplp.com\/home\/?s={search_term_string}\",\"query-input\":\"required name=search_term_string\"}],\"inLanguage\":\"pt-BR\"},{\"@type\":\"ImageObject\",\"@id\":\"https:\/\/alimentacplp.com\/home\/2021\/03\/31\/sao-tome-covid-nao-pode-ser-motivo-para-falta-de-alimento-aos-cidadaos\/#primaryimage\",\"inLanguage\":\"pt-BR\",\"url\":\"https:\/\/alimentacplp.com\/wp-content\/uploads\/2020\/08\/regador.jpg\",\"width\":1920,\"height\":1280},{\"@type\":\"WebPage\",\"@id\":\"https:\/\/alimentacplp.com\/home\/2021\/03\/31\/sao-tome-covid-nao-pode-ser-motivo-para-falta-de-alimento-aos-cidadaos\/#webpage\",\"url\":\"https:\/\/alimentacplp.com\/home\/2021\/03\/31\/sao-tome-covid-nao-pode-ser-motivo-para-falta-de-alimento-aos-cidadaos\/\",\"name\":\"S\\u00e3o Tom\\u00e9: Covid n\\u00e3o pode ser motivo para falta de alimento aos cidad\\u00e3os | Alimenta CPLP!\",\"isPartOf\":{\"@id\":\"https:\/\/alimentacplp.com\/home\/#website\"},\"primaryImageOfPage\":{\"@id\":\"https:\/\/alimentacplp.com\/home\/2021\/03\/31\/sao-tome-covid-nao-pode-ser-motivo-para-falta-de-alimento-aos-cidadaos\/#primaryimage\"},\"datePublished\":\"2021-03-31T10:43:42+00:00\",\"dateModified\":\"2021-03-31T10:43:42+00:00\",\"author\":{\"@id\":\"https:\/\/alimentacplp.com\/home\/#\/schema\/person\/b3156be85f55e704cfcb7550333e9b3c\"},\"inLanguage\":\"pt-BR\",\"potentialAction\":[{\"@type\":\"ReadAction\",\"target\":[\"https:\/\/alimentacplp.com\/home\/2021\/03\/31\/sao-tome-covid-nao-pode-ser-motivo-para-falta-de-alimento-aos-cidadaos\/\"]}]},{\"@type\":\"Person\",\"@id\":\"https:\/\/alimentacplp.com\/home\/#\/schema\/person\/b3156be85f55e704cfcb7550333e9b3c\",\"name\":\"Actuar Acd\",\"image\":{\"@type\":\"ImageObject\",\"@id\":\"https:\/\/alimentacplp.com\/home\/#personlogo\",\"inLanguage\":\"pt-BR\",\"url\":\"https:\/\/secure.gravatar.com\/avatar\/ac2cc7eb67ee1d806fbb58dcc65dd14c?s=96&d=mm&r=g\",\"caption\":\"Actuar Acd\"},\"sameAs\":[\"http:\/\/actuar-acd.org\"]}]}<\/script>\n<!-- \/ Yoast SEO plugin. -->","_links":{"self":[{"href":"https:\/\/alimentacplp.com\/home\/wp-json\/wp\/v2\/posts\/4247"}],"collection":[{"href":"https:\/\/alimentacplp.com\/home\/wp-json\/wp\/v2\/posts"}],"about":[{"href":"https:\/\/alimentacplp.com\/home\/wp-json\/wp\/v2\/types\/post"}],"author":[{"embeddable":true,"href":"https:\/\/alimentacplp.com\/home\/wp-json\/wp\/v2\/users\/4"}],"replies":[{"embeddable":true,"href":"https:\/\/alimentacplp.com\/home\/wp-json\/wp\/v2\/comments?post=4247"}],"version-history":[{"count":1,"href":"https:\/\/alimentacplp.com\/home\/wp-json\/wp\/v2\/posts\/4247\/revisions"}],"predecessor-version":[{"id":4248,"href":"https:\/\/alimentacplp.com\/home\/wp-json\/wp\/v2\/posts\/4247\/revisions\/4248"}],"wp:featuredmedia":[{"embeddable":true,"href":"https:\/\/alimentacplp.com\/home\/wp-json\/wp\/v2\/media\/3986"}],"wp:attachment":[{"href":"https:\/\/alimentacplp.com\/home\/wp-json\/wp\/v2\/media?parent=4247"}],"wp:term":[{"taxonomy":"category","embeddable":true,"href":"https:\/\/alimentacplp.com\/home\/wp-json\/wp\/v2\/categories?post=4247"},{"taxonomy":"post_tag","embeddable":true,"href":"https:\/\/alimentacplp.com\/home\/wp-json\/wp\/v2\/tags?post=4247"}],"curies":[{"name":"wp","href":"https:\/\/api.w.org\/{rel}","templated":true}]}}