{"id":4253,"date":"2021-04-09T12:02:30","date_gmt":"2021-04-09T11:02:30","guid":{"rendered":"https:\/\/alimentacplp.com\/home\/?p=4253"},"modified":"2021-04-09T12:14:04","modified_gmt":"2021-04-09T11:14:04","slug":"centro-de-competencias-para-a-agricultura-familiar-sustentavel-na-cplp-e-inaugurado","status":"publish","type":"post","link":"https:\/\/alimentacplp.com\/home\/2021\/04\/09\/centro-de-competencias-para-a-agricultura-familiar-sustentavel-na-cplp-e-inaugurado\/","title":{"rendered":"Centro de Compet\u00eancias para a Agricultura Familiar Sustent\u00e1vel na CPLP \u00e9 inaugurado. Assista ao evento!"},"content":{"rendered":"<p><strong>Centro de Forma\u00e7\u00e3o promove a Agroecologia na CPLP<\/strong><\/p>\n<p><em>S\u00e3<\/em><em>o Tom<\/em><em>\u00e9 <\/em><em>e Pr<\/em><em>\u00ed<\/em><em>ncipe hospeda <\/em><em>o Centro de Compet\u00eancias para a Agricultura Familiar Sustent\u00e1<\/em><em>vel <\/em><em>da Comunidade dos Pa\u00ed<\/em><em>ses de L<\/em><em>\u00edngua Portuguesa, <\/em><em>que <\/em><em>valoriza o <\/em><em>interc<\/em><em>\u00e2mbio de conhecimentos para promover sistemas alimentares resilientes<\/em><\/p>\n<p>Fortalecer a agricultura familiar com base nos conceitos da Agroecologia \u00e9 a solu\u00e7\u00e3o apontada\u00a0 pela sociedade civil, governos locais e organiza\u00e7\u00f5es internacionais para combater a fome e a pobreza na Comunidade dos Pa\u00edses de L\u00edngua Portuguesa e alcan\u00e7ar, assim, o Objetivo de Desenvolvimento Sustent\u00e1vel 2 (ODS 2) at\u00e9 2030. O evento de lan\u00e7amento do Centro de Compet\u00eancias para a Agricultura Familiar Sustent\u00e1vel (CCAFS), realizado nesta ter\u00e7a-feira (7\/4), concretiza uma a\u00e7\u00e3o conjunta estrat\u00e9gica de cria\u00e7\u00e3o de uma rede de coopera\u00e7\u00e3o no espa\u00e7o da CPLP para a constru\u00e7\u00e3o de sistemas alimentares sustent\u00e1veis, resilientes e justos.<\/p>\n<p>O evento teve lugar em S\u00e3o Tom\u00e9 e Pr\u00edncipe e foi transmitido em direto com a participa\u00e7\u00e3o do Ministro da Agricultura, Pescas e Desenvolvimento Rural de S\u00e3o Tom\u00e9 e Pr\u00edncipe, Francisco Ramos; do Secret\u00e1rio Executivo da CPLP, Francisco Ribeiro Telles; do Coordenador Sub-Regional da FAO para a \u00c1frica Central e Representante para Gab\u00e3o e S\u00e3o Tom\u00e9 e Pr\u00edncipe, H\u00e9lder Muteia; da Presidente da ACTUAR, J\u00falia Alves; e da Oficial de Agricultura NSP\/FAO, Emma Siliprandi. O evento foi moderado pelo Coordenador local do Projeto, Em\u00edlio Lima.<\/p>\n<p><a href=\"https:\/\/www.facebook.com\/114985186857112\/videos\/261633502325966\">Clique aqui e assista ao evento na \u00edntegra<\/a><\/p>\n","protected":false},"excerpt":{"rendered":"<p>Centro de Forma\u00e7\u00e3o promove a Agroecologia na [&hellip;]<\/p>\n","protected":false},"author":4,"featured_media":4257,"comment_status":"closed","ping_status":"open","sticky":false,"template":"","format":"standard","meta":[],"categories":[36,19,39,53,37,38,21,20,41,40,1],"tags":[],"yoast_head":"<!-- This site is optimized with the Yoast SEO plugin v15.2.1 - https:\/\/yoast.com\/wordpress\/plugins\/seo\/ -->\n<title>Centro de Compet\u00eancias para a Agricultura Familiar Sustent\u00e1vel na CPLP \u00e9 inaugurado. Assista ao evento! | Alimenta CPLP!<\/title>\n<meta name=\"robots\" content=\"index, follow, max-snippet:-1, max-image-preview:large, max-video-preview:-1\" \/>\n<link rel=\"canonical\" href=\"https:\/\/alimentacplp.com\/home\/2021\/04\/09\/centro-de-competencias-para-a-agricultura-familiar-sustentavel-na-cplp-e-inaugurado\/\" \/>\n<meta property=\"og:locale\" content=\"pt_BR\" \/>\n<meta property=\"og:type\" content=\"article\" \/>\n<meta property=\"og:title\" content=\"Centro de Compet\u00eancias para a Agricultura Familiar Sustent\u00e1vel na CPLP \u00e9 inaugurado. Assista ao evento! | Alimenta CPLP!\" \/>\n<meta property=\"og:description\" content=\"Centro de Forma\u00e7\u00e3o promove a Agroecologia na [&hellip;]\" \/>\n<meta property=\"og:url\" content=\"https:\/\/alimentacplp.com\/home\/2021\/04\/09\/centro-de-competencias-para-a-agricultura-familiar-sustentavel-na-cplp-e-inaugurado\/\" \/>\n<meta property=\"og:site_name\" content=\"Alimenta CPLP!\" \/>\n<meta property=\"article:publisher\" content=\"https:\/\/www.facebook.com\/Alimenta-CPLP-114985186857112\/\" \/>\n<meta property=\"article:published_time\" content=\"2021-04-09T11:02:30+00:00\" \/>\n<meta property=\"article:modified_time\" content=\"2021-04-09T11:14:04+00:00\" \/>\n<meta property=\"og:image\" content=\"https:\/\/alimentacplp.com\/wp-content\/uploads\/2021\/04\/evento-de-lancamento-scaled.jpg\" \/>\n\t<meta property=\"og:image:width\" content=\"2560\" \/>\n\t<meta property=\"og:image:height\" content=\"1864\" \/>\n<meta name=\"twitter:card\" content=\"summary_large_image\" \/>\n<meta name=\"twitter:label1\" content=\"Written by\">\n\t<meta name=\"twitter:data1\" content=\"Actuar Acd\">\n\t<meta name=\"twitter:label2\" content=\"Est. reading time\">\n\t<meta name=\"twitter:data2\" content=\"1 minuto\">\n<script type=\"application\/ld+json\" class=\"yoast-schema-graph\">{\"@context\":\"https:\/\/schema.org\",\"@graph\":[{\"@type\":\"WebSite\",\"@id\":\"https:\/\/alimentacplp.com\/home\/#website\",\"url\":\"https:\/\/alimentacplp.com\/home\/\",\"name\":\"Alimenta CPLP!\",\"description\":\"Observat\\u00f3rio COVID-19 CPLP\",\"potentialAction\":[{\"@type\":\"SearchAction\",\"target\":\"https:\/\/alimentacplp.com\/home\/?s={search_term_string}\",\"query-input\":\"required name=search_term_string\"}],\"inLanguage\":\"pt-BR\"},{\"@type\":\"ImageObject\",\"@id\":\"https:\/\/alimentacplp.com\/home\/2021\/04\/09\/centro-de-competencias-para-a-agricultura-familiar-sustentavel-na-cplp-e-inaugurado\/#primaryimage\",\"inLanguage\":\"pt-BR\",\"url\":\"https:\/\/alimentacplp.com\/wp-content\/uploads\/2021\/04\/evento-de-lancamento-scaled.jpg\",\"width\":2560,\"height\":1864},{\"@type\":\"WebPage\",\"@id\":\"https:\/\/alimentacplp.com\/home\/2021\/04\/09\/centro-de-competencias-para-a-agricultura-familiar-sustentavel-na-cplp-e-inaugurado\/#webpage\",\"url\":\"https:\/\/alimentacplp.com\/home\/2021\/04\/09\/centro-de-competencias-para-a-agricultura-familiar-sustentavel-na-cplp-e-inaugurado\/\",\"name\":\"Centro de Compet\\u00eancias para a Agricultura Familiar Sustent\\u00e1vel na CPLP \\u00e9 inaugurado. Assista ao evento! | Alimenta CPLP!\",\"isPartOf\":{\"@id\":\"https:\/\/alimentacplp.com\/home\/#website\"},\"primaryImageOfPage\":{\"@id\":\"https:\/\/alimentacplp.com\/home\/2021\/04\/09\/centro-de-competencias-para-a-agricultura-familiar-sustentavel-na-cplp-e-inaugurado\/#primaryimage\"},\"datePublished\":\"2021-04-09T11:02:30+00:00\",\"dateModified\":\"2021-04-09T11:14:04+00:00\",\"author\":{\"@id\":\"https:\/\/alimentacplp.com\/home\/#\/schema\/person\/b3156be85f55e704cfcb7550333e9b3c\"},\"inLanguage\":\"pt-BR\",\"potentialAction\":[{\"@type\":\"ReadAction\",\"target\":[\"https:\/\/alimentacplp.com\/home\/2021\/04\/09\/centro-de-competencias-para-a-agricultura-familiar-sustentavel-na-cplp-e-inaugurado\/\"]}]},{\"@type\":\"Person\",\"@id\":\"https:\/\/alimentacplp.com\/home\/#\/schema\/person\/b3156be85f55e704cfcb7550333e9b3c\",\"name\":\"Actuar Acd\",\"image\":{\"@type\":\"ImageObject\",\"@id\":\"https:\/\/alimentacplp.com\/home\/#personlogo\",\"inLanguage\":\"pt-BR\",\"url\":\"https:\/\/secure.gravatar.com\/avatar\/ac2cc7eb67ee1d806fbb58dcc65dd14c?s=96&d=mm&r=g\",\"caption\":\"Actuar Acd\"},\"sameAs\":[\"http:\/\/actuar-acd.org\"]}]}<\/script>\n<!-- \/ Yoast SEO plugin. -->","_links":{"self":[{"href":"https:\/\/alimentacplp.com\/home\/wp-json\/wp\/v2\/posts\/4253"}],"collection":[{"href":"https:\/\/alimentacplp.com\/home\/wp-json\/wp\/v2\/posts"}],"about":[{"href":"https:\/\/alimentacplp.com\/home\/wp-json\/wp\/v2\/types\/post"}],"author":[{"embeddable":true,"href":"https:\/\/alimentacplp.com\/home\/wp-json\/wp\/v2\/users\/4"}],"replies":[{"embeddable":true,"href":"https:\/\/alimentacplp.com\/home\/wp-json\/wp\/v2\/comments?post=4253"}],"version-history":[{"count":3,"href":"https:\/\/alimentacplp.com\/home\/wp-json\/wp\/v2\/posts\/4253\/revisions"}],"predecessor-version":[{"id":4258,"href":"https:\/\/alimentacplp.com\/home\/wp-json\/wp\/v2\/posts\/4253\/revisions\/4258"}],"wp:featuredmedia":[{"embeddable":true,"href":"https:\/\/alimentacplp.com\/home\/wp-json\/wp\/v2\/media\/4257"}],"wp:attachment":[{"href":"https:\/\/alimentacplp.com\/home\/wp-json\/wp\/v2\/media?parent=4253"}],"wp:term":[{"taxonomy":"category","embeddable":true,"href":"https:\/\/alimentacplp.com\/home\/wp-json\/wp\/v2\/categories?post=4253"},{"taxonomy":"post_tag","embeddable":true,"href":"https:\/\/alimentacplp.com\/home\/wp-json\/wp\/v2\/tags?post=4253"}],"curies":[{"name":"wp","href":"https:\/\/api.w.org\/{rel}","templated":true}]}}