{"id":4263,"date":"2021-04-13T18:26:44","date_gmt":"2021-04-13T17:26:44","guid":{"rendered":"https:\/\/alimentacplp.com\/home\/?p=4263"},"modified":"2021-04-15T14:18:49","modified_gmt":"2021-04-15T13:18:49","slug":"timor-leste-raeoa-recebe-ajuda-auxilio-de-emergencia-alimentar","status":"publish","type":"post","link":"https:\/\/alimentacplp.com\/home\/2021\/04\/13\/timor-leste-raeoa-recebe-ajuda-auxilio-de-emergencia-alimentar\/","title":{"rendered":"S\u00e3o Tom\u00e9 e Pr\u00edncipe cria centro de compet\u00eancias da agricultura a n\u00edvel da CPLP"},"content":{"rendered":"<p>Piedade-Batep\u00e1, S\u00e3o Tom\u00e9 (S\u00e3o Tom\u00e9 e Pr\u00edncipe), 08 Abr. 2021 (STP-Press) \u2013 Autoridades S\u00e3o-tomenses acabam de instalar\u00a0oficialmente, um centro de compet\u00eancias para agricultura familiar sustent\u00e1vel a n\u00edvel da Comunidade dos Estados de L\u00edngua Portuguesa (CPLP) em S\u00e3o Tom\u00e9 e Pr\u00edncipe, \u2013 soube-se hoje na cidade de S\u00e3o Tom\u00e9.<\/p>\n<p>Veja mais em: <a href=\"https:\/\/www.stp-press.st\/2021\/04\/08\/sao-tome-e-principe-cria-centro-de-competencias-da-agricultura-a-nivel-da-cplp\/\">https:\/\/www.stp-press.st\/2021\/04\/08\/sao-tome-e-principe-cria-centro-de-competencias-da-agricultura-a-nivel-da-cplp\/<\/a><\/p>\n<p>Cr\u00e9dito da imagem: Divulga\u00e7\u00e3o STP-Press<\/p>\n<p>&nbsp;<\/p>\n","protected":false},"excerpt":{"rendered":"<p>Piedade-Batep\u00e1, S\u00e3o Tom\u00e9 (S\u00e3o Tom\u00e9 e Pr\u00edncipe), [&hellip;]<\/p>\n","protected":false},"author":4,"featured_media":4267,"comment_status":"closed","ping_status":"open","sticky":false,"template":"","format":"standard","meta":[],"categories":[53,41,1],"tags":[],"yoast_head":"<!-- This site is optimized with the Yoast SEO plugin v15.2.1 - https:\/\/yoast.com\/wordpress\/plugins\/seo\/ -->\n<title>S\u00e3o Tom\u00e9 e Pr\u00edncipe cria centro de compet\u00eancias da agricultura a n\u00edvel da CPLP | Alimenta CPLP!<\/title>\n<meta name=\"robots\" content=\"index, follow, max-snippet:-1, max-image-preview:large, max-video-preview:-1\" \/>\n<link rel=\"canonical\" href=\"https:\/\/alimentacplp.com\/home\/2021\/04\/13\/timor-leste-raeoa-recebe-ajuda-auxilio-de-emergencia-alimentar\/\" \/>\n<meta property=\"og:locale\" content=\"pt_BR\" \/>\n<meta property=\"og:type\" content=\"article\" \/>\n<meta property=\"og:title\" content=\"S\u00e3o Tom\u00e9 e Pr\u00edncipe cria centro de compet\u00eancias da agricultura a n\u00edvel da CPLP | Alimenta CPLP!\" \/>\n<meta property=\"og:description\" content=\"Piedade-Batep\u00e1, S\u00e3o Tom\u00e9 (S\u00e3o Tom\u00e9 e Pr\u00edncipe), [&hellip;]\" \/>\n<meta property=\"og:url\" content=\"https:\/\/alimentacplp.com\/home\/2021\/04\/13\/timor-leste-raeoa-recebe-ajuda-auxilio-de-emergencia-alimentar\/\" \/>\n<meta property=\"og:site_name\" content=\"Alimenta CPLP!\" \/>\n<meta property=\"article:publisher\" content=\"https:\/\/www.facebook.com\/Alimenta-CPLP-114985186857112\/\" \/>\n<meta property=\"article:published_time\" content=\"2021-04-13T17:26:44+00:00\" \/>\n<meta property=\"article:modified_time\" content=\"2021-04-15T13:18:49+00:00\" \/>\n<meta property=\"og:image\" content=\"https:\/\/alimentacplp.com\/wp-content\/uploads\/2021\/04\/imagem-reportagem-STP-press.jpg\" \/>\n\t<meta property=\"og:image:width\" content=\"2560\" \/>\n\t<meta property=\"og:image:height\" content=\"1709\" \/>\n<meta name=\"twitter:card\" content=\"summary_large_image\" \/>\n<meta name=\"twitter:label1\" content=\"Written by\">\n\t<meta name=\"twitter:data1\" content=\"Actuar Acd\">\n\t<meta name=\"twitter:label2\" content=\"Est. reading time\">\n\t<meta name=\"twitter:data2\" content=\"0 minuto\">\n<script type=\"application\/ld+json\" class=\"yoast-schema-graph\">{\"@context\":\"https:\/\/schema.org\",\"@graph\":[{\"@type\":\"WebSite\",\"@id\":\"https:\/\/alimentacplp.com\/home\/#website\",\"url\":\"https:\/\/alimentacplp.com\/home\/\",\"name\":\"Alimenta CPLP!\",\"description\":\"Observat\\u00f3rio COVID-19 CPLP\",\"potentialAction\":[{\"@type\":\"SearchAction\",\"target\":\"https:\/\/alimentacplp.com\/home\/?s={search_term_string}\",\"query-input\":\"required name=search_term_string\"}],\"inLanguage\":\"pt-BR\"},{\"@type\":\"ImageObject\",\"@id\":\"https:\/\/alimentacplp.com\/home\/2021\/04\/13\/timor-leste-raeoa-recebe-ajuda-auxilio-de-emergencia-alimentar\/#primaryimage\",\"inLanguage\":\"pt-BR\",\"url\":\"https:\/\/alimentacplp.com\/wp-content\/uploads\/2021\/04\/imagem-reportagem-STP-press.jpg\",\"width\":2560,\"height\":1709},{\"@type\":\"WebPage\",\"@id\":\"https:\/\/alimentacplp.com\/home\/2021\/04\/13\/timor-leste-raeoa-recebe-ajuda-auxilio-de-emergencia-alimentar\/#webpage\",\"url\":\"https:\/\/alimentacplp.com\/home\/2021\/04\/13\/timor-leste-raeoa-recebe-ajuda-auxilio-de-emergencia-alimentar\/\",\"name\":\"S\\u00e3o Tom\\u00e9 e Pr\\u00edncipe cria centro de compet\\u00eancias da agricultura a n\\u00edvel da CPLP | Alimenta CPLP!\",\"isPartOf\":{\"@id\":\"https:\/\/alimentacplp.com\/home\/#website\"},\"primaryImageOfPage\":{\"@id\":\"https:\/\/alimentacplp.com\/home\/2021\/04\/13\/timor-leste-raeoa-recebe-ajuda-auxilio-de-emergencia-alimentar\/#primaryimage\"},\"datePublished\":\"2021-04-13T17:26:44+00:00\",\"dateModified\":\"2021-04-15T13:18:49+00:00\",\"author\":{\"@id\":\"https:\/\/alimentacplp.com\/home\/#\/schema\/person\/b3156be85f55e704cfcb7550333e9b3c\"},\"inLanguage\":\"pt-BR\",\"potentialAction\":[{\"@type\":\"ReadAction\",\"target\":[\"https:\/\/alimentacplp.com\/home\/2021\/04\/13\/timor-leste-raeoa-recebe-ajuda-auxilio-de-emergencia-alimentar\/\"]}]},{\"@type\":\"Person\",\"@id\":\"https:\/\/alimentacplp.com\/home\/#\/schema\/person\/b3156be85f55e704cfcb7550333e9b3c\",\"name\":\"Actuar Acd\",\"image\":{\"@type\":\"ImageObject\",\"@id\":\"https:\/\/alimentacplp.com\/home\/#personlogo\",\"inLanguage\":\"pt-BR\",\"url\":\"https:\/\/secure.gravatar.com\/avatar\/ac2cc7eb67ee1d806fbb58dcc65dd14c?s=96&d=mm&r=g\",\"caption\":\"Actuar Acd\"},\"sameAs\":[\"http:\/\/actuar-acd.org\"]}]}<\/script>\n<!-- \/ Yoast SEO plugin. -->","_links":{"self":[{"href":"https:\/\/alimentacplp.com\/home\/wp-json\/wp\/v2\/posts\/4263"}],"collection":[{"href":"https:\/\/alimentacplp.com\/home\/wp-json\/wp\/v2\/posts"}],"about":[{"href":"https:\/\/alimentacplp.com\/home\/wp-json\/wp\/v2\/types\/post"}],"author":[{"embeddable":true,"href":"https:\/\/alimentacplp.com\/home\/wp-json\/wp\/v2\/users\/4"}],"replies":[{"embeddable":true,"href":"https:\/\/alimentacplp.com\/home\/wp-json\/wp\/v2\/comments?post=4263"}],"version-history":[{"count":3,"href":"https:\/\/alimentacplp.com\/home\/wp-json\/wp\/v2\/posts\/4263\/revisions"}],"predecessor-version":[{"id":4268,"href":"https:\/\/alimentacplp.com\/home\/wp-json\/wp\/v2\/posts\/4263\/revisions\/4268"}],"wp:featuredmedia":[{"embeddable":true,"href":"https:\/\/alimentacplp.com\/home\/wp-json\/wp\/v2\/media\/4267"}],"wp:attachment":[{"href":"https:\/\/alimentacplp.com\/home\/wp-json\/wp\/v2\/media?parent=4263"}],"wp:term":[{"taxonomy":"category","embeddable":true,"href":"https:\/\/alimentacplp.com\/home\/wp-json\/wp\/v2\/categories?post=4263"},{"taxonomy":"post_tag","embeddable":true,"href":"https:\/\/alimentacplp.com\/home\/wp-json\/wp\/v2\/tags?post=4263"}],"curies":[{"name":"wp","href":"https:\/\/api.w.org\/{rel}","templated":true}]}}