{"id":4270,"date":"2021-04-16T16:55:56","date_gmt":"2021-04-16T15:55:56","guid":{"rendered":"https:\/\/alimentacplp.com\/home\/?p=4270"},"modified":"2021-04-16T16:55:56","modified_gmt":"2021-04-16T15:55:56","slug":"a-pobreza-em-portugal-ine-aponta-que-172-da-populacao-portuguesa-encontrava-se-em-risco-de-pobreza-em-2018","status":"publish","type":"post","link":"https:\/\/alimentacplp.com\/home\/2021\/04\/16\/a-pobreza-em-portugal-ine-aponta-que-172-da-populacao-portuguesa-encontrava-se-em-risco-de-pobreza-em-2018\/","title":{"rendered":"A Pobreza em Portugal: INE aponta que 17,2% da popula\u00e7\u00e3o portuguesa encontrava-se em risco de pobreza em 2018"},"content":{"rendered":"<p>A Pobreza em Portugal: Trajetos e Quotidianos<\/p>\n<p>De acordo com o Instituto Nacional de Estat\u00edstica (INE), 17,2% da popula\u00e7\u00e3o em Portugal encontrava-se em risco de pobreza em 2018. Este valor condensa as vidas de mais de 1,7 milh\u00f5es de pessoas. Cada situa\u00e7\u00e3o \u00e9 \u00fanica, vivida no singular e no seio de um contexto social e de uma fam\u00edlia concreta. Compreender a diversidade da pobreza, conhecer as traject\u00f3rias da popula\u00e7\u00e3o pobre e perceber de forma aprofundada como vivem foi o que norteou a realiza\u00e7\u00e3o deste estudo.<\/p>\n<p>Veja mais em: <a href=\"https:\/\/www.ffms.pt\/publicacoes\/grupo-estudos\/5364\/a-pobreza-em-portugal-trajectos-e-quotidianos\">https:\/\/www.ffms.pt\/publicacoes\/grupo-estudos\/5364\/a-pobreza-em-portugal-trajectos-e-quotidianos<\/a><\/p>\n","protected":false},"excerpt":{"rendered":"<p>A Pobreza em Portugal: Trajetos e Quotidianos [&hellip;]<\/p>\n","protected":false},"author":4,"featured_media":4271,"comment_status":"closed","ping_status":"open","sticky":false,"template":"","format":"standard","meta":[],"categories":[20,1],"tags":[],"yoast_head":"<!-- This site is optimized with the Yoast SEO plugin v15.2.1 - https:\/\/yoast.com\/wordpress\/plugins\/seo\/ -->\n<title>A Pobreza em Portugal: INE aponta que 17,2% da popula\u00e7\u00e3o portuguesa encontrava-se em risco de pobreza em 2018 | Alimenta CPLP!<\/title>\n<meta name=\"robots\" content=\"index, follow, max-snippet:-1, max-image-preview:large, max-video-preview:-1\" \/>\n<link rel=\"canonical\" href=\"https:\/\/alimentacplp.com\/home\/2021\/04\/16\/a-pobreza-em-portugal-ine-aponta-que-172-da-populacao-portuguesa-encontrava-se-em-risco-de-pobreza-em-2018\/\" \/>\n<meta property=\"og:locale\" content=\"pt_BR\" \/>\n<meta property=\"og:type\" content=\"article\" \/>\n<meta property=\"og:title\" content=\"A Pobreza em Portugal: INE aponta que 17,2% da popula\u00e7\u00e3o portuguesa encontrava-se em risco de pobreza em 2018 | Alimenta CPLP!\" \/>\n<meta property=\"og:description\" content=\"A Pobreza em Portugal: Trajetos e Quotidianos [&hellip;]\" \/>\n<meta property=\"og:url\" content=\"https:\/\/alimentacplp.com\/home\/2021\/04\/16\/a-pobreza-em-portugal-ine-aponta-que-172-da-populacao-portuguesa-encontrava-se-em-risco-de-pobreza-em-2018\/\" \/>\n<meta property=\"og:site_name\" content=\"Alimenta CPLP!\" \/>\n<meta property=\"article:publisher\" content=\"https:\/\/www.facebook.com\/Alimenta-CPLP-114985186857112\/\" \/>\n<meta property=\"article:published_time\" content=\"2021-04-16T15:55:56+00:00\" \/>\n<meta property=\"og:image\" content=\"https:\/\/alimentacplp.com\/wp-content\/uploads\/2021\/04\/estudo-pobreza-foto-hub.jpg\" \/>\n\t<meta property=\"og:image:width\" content=\"1080\" \/>\n\t<meta property=\"og:image:height\" content=\"1080\" \/>\n<meta name=\"twitter:card\" content=\"summary_large_image\" \/>\n<meta name=\"twitter:label1\" content=\"Written by\">\n\t<meta name=\"twitter:data1\" content=\"Actuar Acd\">\n\t<meta name=\"twitter:label2\" content=\"Est. reading time\">\n\t<meta name=\"twitter:data2\" content=\"0 minuto\">\n<script type=\"application\/ld+json\" class=\"yoast-schema-graph\">{\"@context\":\"https:\/\/schema.org\",\"@graph\":[{\"@type\":\"WebSite\",\"@id\":\"https:\/\/alimentacplp.com\/home\/#website\",\"url\":\"https:\/\/alimentacplp.com\/home\/\",\"name\":\"Alimenta CPLP!\",\"description\":\"Observat\\u00f3rio COVID-19 CPLP\",\"potentialAction\":[{\"@type\":\"SearchAction\",\"target\":\"https:\/\/alimentacplp.com\/home\/?s={search_term_string}\",\"query-input\":\"required name=search_term_string\"}],\"inLanguage\":\"pt-BR\"},{\"@type\":\"ImageObject\",\"@id\":\"https:\/\/alimentacplp.com\/home\/2021\/04\/16\/a-pobreza-em-portugal-ine-aponta-que-172-da-populacao-portuguesa-encontrava-se-em-risco-de-pobreza-em-2018\/#primaryimage\",\"inLanguage\":\"pt-BR\",\"url\":\"https:\/\/alimentacplp.com\/wp-content\/uploads\/2021\/04\/estudo-pobreza-foto-hub.jpg\",\"width\":1080,\"height\":1080},{\"@type\":\"WebPage\",\"@id\":\"https:\/\/alimentacplp.com\/home\/2021\/04\/16\/a-pobreza-em-portugal-ine-aponta-que-172-da-populacao-portuguesa-encontrava-se-em-risco-de-pobreza-em-2018\/#webpage\",\"url\":\"https:\/\/alimentacplp.com\/home\/2021\/04\/16\/a-pobreza-em-portugal-ine-aponta-que-172-da-populacao-portuguesa-encontrava-se-em-risco-de-pobreza-em-2018\/\",\"name\":\"A Pobreza em Portugal: INE aponta que 17,2% da popula\\u00e7\\u00e3o portuguesa encontrava-se em risco de pobreza em 2018 | Alimenta CPLP!\",\"isPartOf\":{\"@id\":\"https:\/\/alimentacplp.com\/home\/#website\"},\"primaryImageOfPage\":{\"@id\":\"https:\/\/alimentacplp.com\/home\/2021\/04\/16\/a-pobreza-em-portugal-ine-aponta-que-172-da-populacao-portuguesa-encontrava-se-em-risco-de-pobreza-em-2018\/#primaryimage\"},\"datePublished\":\"2021-04-16T15:55:56+00:00\",\"dateModified\":\"2021-04-16T15:55:56+00:00\",\"author\":{\"@id\":\"https:\/\/alimentacplp.com\/home\/#\/schema\/person\/b3156be85f55e704cfcb7550333e9b3c\"},\"inLanguage\":\"pt-BR\",\"potentialAction\":[{\"@type\":\"ReadAction\",\"target\":[\"https:\/\/alimentacplp.com\/home\/2021\/04\/16\/a-pobreza-em-portugal-ine-aponta-que-172-da-populacao-portuguesa-encontrava-se-em-risco-de-pobreza-em-2018\/\"]}]},{\"@type\":\"Person\",\"@id\":\"https:\/\/alimentacplp.com\/home\/#\/schema\/person\/b3156be85f55e704cfcb7550333e9b3c\",\"name\":\"Actuar Acd\",\"image\":{\"@type\":\"ImageObject\",\"@id\":\"https:\/\/alimentacplp.com\/home\/#personlogo\",\"inLanguage\":\"pt-BR\",\"url\":\"https:\/\/secure.gravatar.com\/avatar\/ac2cc7eb67ee1d806fbb58dcc65dd14c?s=96&d=mm&r=g\",\"caption\":\"Actuar Acd\"},\"sameAs\":[\"http:\/\/actuar-acd.org\"]}]}<\/script>\n<!-- \/ Yoast SEO plugin. -->","_links":{"self":[{"href":"https:\/\/alimentacplp.com\/home\/wp-json\/wp\/v2\/posts\/4270"}],"collection":[{"href":"https:\/\/alimentacplp.com\/home\/wp-json\/wp\/v2\/posts"}],"about":[{"href":"https:\/\/alimentacplp.com\/home\/wp-json\/wp\/v2\/types\/post"}],"author":[{"embeddable":true,"href":"https:\/\/alimentacplp.com\/home\/wp-json\/wp\/v2\/users\/4"}],"replies":[{"embeddable":true,"href":"https:\/\/alimentacplp.com\/home\/wp-json\/wp\/v2\/comments?post=4270"}],"version-history":[{"count":1,"href":"https:\/\/alimentacplp.com\/home\/wp-json\/wp\/v2\/posts\/4270\/revisions"}],"predecessor-version":[{"id":4272,"href":"https:\/\/alimentacplp.com\/home\/wp-json\/wp\/v2\/posts\/4270\/revisions\/4272"}],"wp:featuredmedia":[{"embeddable":true,"href":"https:\/\/alimentacplp.com\/home\/wp-json\/wp\/v2\/media\/4271"}],"wp:attachment":[{"href":"https:\/\/alimentacplp.com\/home\/wp-json\/wp\/v2\/media?parent=4270"}],"wp:term":[{"taxonomy":"category","embeddable":true,"href":"https:\/\/alimentacplp.com\/home\/wp-json\/wp\/v2\/categories?post=4270"},{"taxonomy":"post_tag","embeddable":true,"href":"https:\/\/alimentacplp.com\/home\/wp-json\/wp\/v2\/tags?post=4270"}],"curies":[{"name":"wp","href":"https:\/\/api.w.org\/{rel}","templated":true}]}}