{"id":4273,"date":"2021-04-20T16:20:34","date_gmt":"2021-04-20T15:20:34","guid":{"rendered":"https:\/\/alimentacplp.com\/home\/?p=4273"},"modified":"2021-04-20T16:20:34","modified_gmt":"2021-04-20T15:20:34","slug":"maximo-torero-fao-perdemos-uma-decada-na-luta-contra-a-extrema-pobreza","status":"publish","type":"post","link":"https:\/\/alimentacplp.com\/home\/2021\/04\/20\/maximo-torero-fao-perdemos-uma-decada-na-luta-contra-a-extrema-pobreza\/","title":{"rendered":"M\u00e1ximo Torero (FAO): \u201cPerdemos uma d\u00e9cada na luta contra a extrema pobreza\u201d"},"content":{"rendered":"<p>M\u00e1ximo Torero (Lima, Peru, 54 anos) \u00e9, desde janeiro de 2019, economista-chefe da Organiza\u00e7\u00e3o para a Alimenta\u00e7\u00e3o e a Agricultura (FAO) das Na\u00e7\u00f5es Unidas. Trabalhou antes no Banco Mundial. E a maior pandemia em 100 anos n\u00e3o existia. Nem a videoconfer\u00eancia entraria em seu escrit\u00f3rio romano (onde fica a sede do \u00f3rg\u00e3o). Embora as palavras cheguem, com fluidez, \u00e0 mem\u00f3ria e ao di\u00e1logo. \u201cComo se reduz a desigualdade? Com infraestruturas\u201d, defende. Mas, ao contr\u00e1rio, tudo aumenta com a crise sanit\u00e1ria: a desigualdade, os \u00edndices de pobreza, o risco de guerra pela \u00e1gua, a desnutri\u00e7\u00e3o, enquanto os pa\u00edses ricos a\u00e7ambarcam alimentos para seus celeiros de ego\u00edsmo.<\/p>\n<p>Veja mais em: <a href=\"https:\/\/brasil.elpais.com\/economia\/2021-04-17\/maximo-torero-fao-perdemos-uma-decada-na-luta-contra-a-extrema-pobreza.html\">https:\/\/brasil.elpais.com\/economia\/2021-04-17\/maximo-torero-fao-perdemos-uma-decada-na-luta-contra-a-extrema-pobreza.html<\/a><\/p>\n","protected":false},"excerpt":{"rendered":"<p>M\u00e1ximo Torero (Lima, Peru, 54 anos) \u00e9, [&hellip;]<\/p>\n","protected":false},"author":4,"featured_media":3956,"comment_status":"closed","ping_status":"open","sticky":false,"template":"","format":"standard","meta":[],"categories":[54,1],"tags":[],"yoast_head":"<!-- This site is optimized with the Yoast SEO plugin v15.2.1 - https:\/\/yoast.com\/wordpress\/plugins\/seo\/ -->\n<title>M\u00e1ximo Torero (FAO): \u201cPerdemos uma d\u00e9cada na luta contra a extrema pobreza\u201d | Alimenta CPLP!<\/title>\n<meta name=\"robots\" content=\"index, follow, max-snippet:-1, max-image-preview:large, max-video-preview:-1\" \/>\n<link rel=\"canonical\" href=\"https:\/\/alimentacplp.com\/home\/2021\/04\/20\/maximo-torero-fao-perdemos-uma-decada-na-luta-contra-a-extrema-pobreza\/\" \/>\n<meta property=\"og:locale\" content=\"pt_BR\" \/>\n<meta property=\"og:type\" content=\"article\" \/>\n<meta property=\"og:title\" content=\"M\u00e1ximo Torero (FAO): \u201cPerdemos uma d\u00e9cada na luta contra a extrema pobreza\u201d | Alimenta CPLP!\" \/>\n<meta property=\"og:description\" content=\"M\u00e1ximo Torero (Lima, Peru, 54 anos) \u00e9, [&hellip;]\" \/>\n<meta property=\"og:url\" content=\"https:\/\/alimentacplp.com\/home\/2021\/04\/20\/maximo-torero-fao-perdemos-uma-decada-na-luta-contra-a-extrema-pobreza\/\" \/>\n<meta property=\"og:site_name\" content=\"Alimenta CPLP!\" \/>\n<meta property=\"article:publisher\" content=\"https:\/\/www.facebook.com\/Alimenta-CPLP-114985186857112\/\" \/>\n<meta property=\"article:published_time\" content=\"2021-04-20T15:20:34+00:00\" \/>\n<meta property=\"og:image\" content=\"https:\/\/alimentacplp.com\/wp-content\/uploads\/2020\/08\/pexels-iconcom-216692-scaled.jpg\" \/>\n\t<meta property=\"og:image:width\" content=\"2560\" \/>\n\t<meta property=\"og:image:height\" content=\"1920\" \/>\n<meta name=\"twitter:card\" content=\"summary_large_image\" \/>\n<meta name=\"twitter:label1\" content=\"Written by\">\n\t<meta name=\"twitter:data1\" content=\"Actuar Acd\">\n\t<meta name=\"twitter:label2\" content=\"Est. reading time\">\n\t<meta name=\"twitter:data2\" content=\"1 minuto\">\n<script type=\"application\/ld+json\" class=\"yoast-schema-graph\">{\"@context\":\"https:\/\/schema.org\",\"@graph\":[{\"@type\":\"WebSite\",\"@id\":\"https:\/\/alimentacplp.com\/home\/#website\",\"url\":\"https:\/\/alimentacplp.com\/home\/\",\"name\":\"Alimenta CPLP!\",\"description\":\"Observat\\u00f3rio COVID-19 CPLP\",\"potentialAction\":[{\"@type\":\"SearchAction\",\"target\":\"https:\/\/alimentacplp.com\/home\/?s={search_term_string}\",\"query-input\":\"required name=search_term_string\"}],\"inLanguage\":\"pt-BR\"},{\"@type\":\"ImageObject\",\"@id\":\"https:\/\/alimentacplp.com\/home\/2021\/04\/20\/maximo-torero-fao-perdemos-uma-decada-na-luta-contra-a-extrema-pobreza\/#primaryimage\",\"inLanguage\":\"pt-BR\",\"url\":\"https:\/\/alimentacplp.com\/wp-content\/uploads\/2020\/08\/pexels-iconcom-216692-scaled.jpg\",\"width\":2560,\"height\":1920},{\"@type\":\"WebPage\",\"@id\":\"https:\/\/alimentacplp.com\/home\/2021\/04\/20\/maximo-torero-fao-perdemos-uma-decada-na-luta-contra-a-extrema-pobreza\/#webpage\",\"url\":\"https:\/\/alimentacplp.com\/home\/2021\/04\/20\/maximo-torero-fao-perdemos-uma-decada-na-luta-contra-a-extrema-pobreza\/\",\"name\":\"M\\u00e1ximo Torero (FAO): \\u201cPerdemos uma d\\u00e9cada na luta contra a extrema pobreza\\u201d | Alimenta CPLP!\",\"isPartOf\":{\"@id\":\"https:\/\/alimentacplp.com\/home\/#website\"},\"primaryImageOfPage\":{\"@id\":\"https:\/\/alimentacplp.com\/home\/2021\/04\/20\/maximo-torero-fao-perdemos-uma-decada-na-luta-contra-a-extrema-pobreza\/#primaryimage\"},\"datePublished\":\"2021-04-20T15:20:34+00:00\",\"dateModified\":\"2021-04-20T15:20:34+00:00\",\"author\":{\"@id\":\"https:\/\/alimentacplp.com\/home\/#\/schema\/person\/b3156be85f55e704cfcb7550333e9b3c\"},\"inLanguage\":\"pt-BR\",\"potentialAction\":[{\"@type\":\"ReadAction\",\"target\":[\"https:\/\/alimentacplp.com\/home\/2021\/04\/20\/maximo-torero-fao-perdemos-uma-decada-na-luta-contra-a-extrema-pobreza\/\"]}]},{\"@type\":\"Person\",\"@id\":\"https:\/\/alimentacplp.com\/home\/#\/schema\/person\/b3156be85f55e704cfcb7550333e9b3c\",\"name\":\"Actuar Acd\",\"image\":{\"@type\":\"ImageObject\",\"@id\":\"https:\/\/alimentacplp.com\/home\/#personlogo\",\"inLanguage\":\"pt-BR\",\"url\":\"https:\/\/secure.gravatar.com\/avatar\/ac2cc7eb67ee1d806fbb58dcc65dd14c?s=96&d=mm&r=g\",\"caption\":\"Actuar Acd\"},\"sameAs\":[\"http:\/\/actuar-acd.org\"]}]}<\/script>\n<!-- \/ Yoast SEO plugin. -->","_links":{"self":[{"href":"https:\/\/alimentacplp.com\/home\/wp-json\/wp\/v2\/posts\/4273"}],"collection":[{"href":"https:\/\/alimentacplp.com\/home\/wp-json\/wp\/v2\/posts"}],"about":[{"href":"https:\/\/alimentacplp.com\/home\/wp-json\/wp\/v2\/types\/post"}],"author":[{"embeddable":true,"href":"https:\/\/alimentacplp.com\/home\/wp-json\/wp\/v2\/users\/4"}],"replies":[{"embeddable":true,"href":"https:\/\/alimentacplp.com\/home\/wp-json\/wp\/v2\/comments?post=4273"}],"version-history":[{"count":1,"href":"https:\/\/alimentacplp.com\/home\/wp-json\/wp\/v2\/posts\/4273\/revisions"}],"predecessor-version":[{"id":4274,"href":"https:\/\/alimentacplp.com\/home\/wp-json\/wp\/v2\/posts\/4273\/revisions\/4274"}],"wp:featuredmedia":[{"embeddable":true,"href":"https:\/\/alimentacplp.com\/home\/wp-json\/wp\/v2\/media\/3956"}],"wp:attachment":[{"href":"https:\/\/alimentacplp.com\/home\/wp-json\/wp\/v2\/media?parent=4273"}],"wp:term":[{"taxonomy":"category","embeddable":true,"href":"https:\/\/alimentacplp.com\/home\/wp-json\/wp\/v2\/categories?post=4273"},{"taxonomy":"post_tag","embeddable":true,"href":"https:\/\/alimentacplp.com\/home\/wp-json\/wp\/v2\/tags?post=4273"}],"curies":[{"name":"wp","href":"https:\/\/api.w.org\/{rel}","templated":true}]}}