{"id":4275,"date":"2021-04-22T15:33:03","date_gmt":"2021-04-22T14:33:03","guid":{"rendered":"https:\/\/alimentacplp.com\/home\/?p=4275"},"modified":"2021-04-22T15:34:39","modified_gmt":"2021-04-22T14:34:39","slug":"webinar-primaverae-agroecologia-na-cplp-e-centro-de-competencias-para-a-agricultura-familiar-sustentavel-ccafs-assista","status":"publish","type":"post","link":"https:\/\/alimentacplp.com\/home\/2021\/04\/22\/webinar-primaverae-agroecologia-na-cplp-e-centro-de-competencias-para-a-agricultura-familiar-sustentavel-ccafs-assista\/","title":{"rendered":"Webinar PrimaverAE: Agroecologia na CPLP e Centro de Compet\u00eancias para a Agricultura Familiar Sustent\u00e1vel (CCAFS). Assista!"},"content":{"rendered":"<p>PrimaverAE: Agroecologia, em que ponto estamos?<\/p>\n<p>Assista ao webinar sobre a Agroecologia em Portugal e na Comunidade dos Pa\u00edses de L\u00edngua Portuguesa (CPLP). Saiba mais sobre o Centro de Compet\u00eancias para a Agricultura Familiar Sustent\u00e1vel (CCAFS), com sede em S\u00e3o Tom\u00e9 e Pr\u00edncipe, criado para promover a Agroecologia nos pa\u00edses da CPLP.<\/p>\n<p>Webinar: <a href=\"https:\/\/fb.watch\/508V8twySR\/\">https:\/\/fb.watch\/508V8twySR\/<\/a><\/p>\n<p>PrimaverAE \u00e9 uma iniciativa promovida pelo Grupo de Ac\u00e7\u00e3o e Interven\u00e7\u00e3o Ambiental (GAIA) e co-organizada com mais de 20 parceiros (as) com o objetivo de estimular o debate cr\u00edtico sobre os caminhos para a transi\u00e7\u00e3o Agroecol\u00f3gica em Portugal, dar visibilidade aos bons exemplos pr\u00e1ticos, compreender os seus principais desafios e apoiar o fortalecimento de redes de solidariedade entre apoiantes desta causa.<\/p>\n","protected":false},"excerpt":{"rendered":"<p>PrimaverAE: Agroecologia, em que ponto estamos? Assista [&hellip;]<\/p>\n","protected":false},"author":4,"featured_media":4276,"comment_status":"closed","ping_status":"open","sticky":false,"template":"","format":"standard","meta":[],"categories":[53,41,1],"tags":[],"yoast_head":"<!-- This site is optimized with the Yoast SEO plugin v15.2.1 - https:\/\/yoast.com\/wordpress\/plugins\/seo\/ -->\n<title>Webinar PrimaverAE: Agroecologia na CPLP e Centro de Compet\u00eancias para a Agricultura Familiar Sustent\u00e1vel (CCAFS). Assista! | Alimenta CPLP!<\/title>\n<meta name=\"robots\" content=\"index, follow, max-snippet:-1, max-image-preview:large, max-video-preview:-1\" \/>\n<link rel=\"canonical\" href=\"https:\/\/alimentacplp.com\/home\/2021\/04\/22\/webinar-primaverae-agroecologia-na-cplp-e-centro-de-competencias-para-a-agricultura-familiar-sustentavel-ccafs-assista\/\" \/>\n<meta property=\"og:locale\" content=\"pt_BR\" \/>\n<meta property=\"og:type\" content=\"article\" \/>\n<meta property=\"og:title\" content=\"Webinar PrimaverAE: Agroecologia na CPLP e Centro de Compet\u00eancias para a Agricultura Familiar Sustent\u00e1vel (CCAFS). Assista! | Alimenta CPLP!\" \/>\n<meta property=\"og:description\" content=\"PrimaverAE: Agroecologia, em que ponto estamos? Assista [&hellip;]\" \/>\n<meta property=\"og:url\" content=\"https:\/\/alimentacplp.com\/home\/2021\/04\/22\/webinar-primaverae-agroecologia-na-cplp-e-centro-de-competencias-para-a-agricultura-familiar-sustentavel-ccafs-assista\/\" \/>\n<meta property=\"og:site_name\" content=\"Alimenta CPLP!\" \/>\n<meta property=\"article:publisher\" content=\"https:\/\/www.facebook.com\/Alimenta-CPLP-114985186857112\/\" \/>\n<meta property=\"article:published_time\" content=\"2021-04-22T14:33:03+00:00\" \/>\n<meta property=\"article:modified_time\" content=\"2021-04-22T14:34:39+00:00\" \/>\n<meta property=\"og:image\" content=\"https:\/\/alimentacplp.com\/wp-content\/uploads\/2021\/04\/foto-2.png\" \/>\n\t<meta property=\"og:image:width\" content=\"1080\" \/>\n\t<meta property=\"og:image:height\" content=\"1080\" \/>\n<meta name=\"twitter:card\" content=\"summary_large_image\" \/>\n<meta name=\"twitter:label1\" content=\"Written by\">\n\t<meta name=\"twitter:data1\" content=\"Actuar Acd\">\n\t<meta name=\"twitter:label2\" content=\"Est. reading time\">\n\t<meta name=\"twitter:data2\" content=\"1 minuto\">\n<script type=\"application\/ld+json\" class=\"yoast-schema-graph\">{\"@context\":\"https:\/\/schema.org\",\"@graph\":[{\"@type\":\"WebSite\",\"@id\":\"https:\/\/alimentacplp.com\/home\/#website\",\"url\":\"https:\/\/alimentacplp.com\/home\/\",\"name\":\"Alimenta CPLP!\",\"description\":\"Observat\\u00f3rio COVID-19 CPLP\",\"potentialAction\":[{\"@type\":\"SearchAction\",\"target\":\"https:\/\/alimentacplp.com\/home\/?s={search_term_string}\",\"query-input\":\"required name=search_term_string\"}],\"inLanguage\":\"pt-BR\"},{\"@type\":\"ImageObject\",\"@id\":\"https:\/\/alimentacplp.com\/home\/2021\/04\/22\/webinar-primaverae-agroecologia-na-cplp-e-centro-de-competencias-para-a-agricultura-familiar-sustentavel-ccafs-assista\/#primaryimage\",\"inLanguage\":\"pt-BR\",\"url\":\"https:\/\/alimentacplp.com\/wp-content\/uploads\/2021\/04\/foto-2.png\",\"width\":1080,\"height\":1080},{\"@type\":\"WebPage\",\"@id\":\"https:\/\/alimentacplp.com\/home\/2021\/04\/22\/webinar-primaverae-agroecologia-na-cplp-e-centro-de-competencias-para-a-agricultura-familiar-sustentavel-ccafs-assista\/#webpage\",\"url\":\"https:\/\/alimentacplp.com\/home\/2021\/04\/22\/webinar-primaverae-agroecologia-na-cplp-e-centro-de-competencias-para-a-agricultura-familiar-sustentavel-ccafs-assista\/\",\"name\":\"Webinar PrimaverAE: Agroecologia na CPLP e Centro de Compet\\u00eancias para a Agricultura Familiar Sustent\\u00e1vel (CCAFS). Assista! | Alimenta CPLP!\",\"isPartOf\":{\"@id\":\"https:\/\/alimentacplp.com\/home\/#website\"},\"primaryImageOfPage\":{\"@id\":\"https:\/\/alimentacplp.com\/home\/2021\/04\/22\/webinar-primaverae-agroecologia-na-cplp-e-centro-de-competencias-para-a-agricultura-familiar-sustentavel-ccafs-assista\/#primaryimage\"},\"datePublished\":\"2021-04-22T14:33:03+00:00\",\"dateModified\":\"2021-04-22T14:34:39+00:00\",\"author\":{\"@id\":\"https:\/\/alimentacplp.com\/home\/#\/schema\/person\/b3156be85f55e704cfcb7550333e9b3c\"},\"inLanguage\":\"pt-BR\",\"potentialAction\":[{\"@type\":\"ReadAction\",\"target\":[\"https:\/\/alimentacplp.com\/home\/2021\/04\/22\/webinar-primaverae-agroecologia-na-cplp-e-centro-de-competencias-para-a-agricultura-familiar-sustentavel-ccafs-assista\/\"]}]},{\"@type\":\"Person\",\"@id\":\"https:\/\/alimentacplp.com\/home\/#\/schema\/person\/b3156be85f55e704cfcb7550333e9b3c\",\"name\":\"Actuar Acd\",\"image\":{\"@type\":\"ImageObject\",\"@id\":\"https:\/\/alimentacplp.com\/home\/#personlogo\",\"inLanguage\":\"pt-BR\",\"url\":\"https:\/\/secure.gravatar.com\/avatar\/ac2cc7eb67ee1d806fbb58dcc65dd14c?s=96&d=mm&r=g\",\"caption\":\"Actuar Acd\"},\"sameAs\":[\"http:\/\/actuar-acd.org\"]}]}<\/script>\n<!-- \/ Yoast SEO plugin. -->","_links":{"self":[{"href":"https:\/\/alimentacplp.com\/home\/wp-json\/wp\/v2\/posts\/4275"}],"collection":[{"href":"https:\/\/alimentacplp.com\/home\/wp-json\/wp\/v2\/posts"}],"about":[{"href":"https:\/\/alimentacplp.com\/home\/wp-json\/wp\/v2\/types\/post"}],"author":[{"embeddable":true,"href":"https:\/\/alimentacplp.com\/home\/wp-json\/wp\/v2\/users\/4"}],"replies":[{"embeddable":true,"href":"https:\/\/alimentacplp.com\/home\/wp-json\/wp\/v2\/comments?post=4275"}],"version-history":[{"count":1,"href":"https:\/\/alimentacplp.com\/home\/wp-json\/wp\/v2\/posts\/4275\/revisions"}],"predecessor-version":[{"id":4277,"href":"https:\/\/alimentacplp.com\/home\/wp-json\/wp\/v2\/posts\/4275\/revisions\/4277"}],"wp:featuredmedia":[{"embeddable":true,"href":"https:\/\/alimentacplp.com\/home\/wp-json\/wp\/v2\/media\/4276"}],"wp:attachment":[{"href":"https:\/\/alimentacplp.com\/home\/wp-json\/wp\/v2\/media?parent=4275"}],"wp:term":[{"taxonomy":"category","embeddable":true,"href":"https:\/\/alimentacplp.com\/home\/wp-json\/wp\/v2\/categories?post=4275"},{"taxonomy":"post_tag","embeddable":true,"href":"https:\/\/alimentacplp.com\/home\/wp-json\/wp\/v2\/tags?post=4275"}],"curies":[{"name":"wp","href":"https:\/\/api.w.org\/{rel}","templated":true}]}}