{"id":4282,"date":"2021-04-29T19:51:54","date_gmt":"2021-04-29T18:51:54","guid":{"rendered":"https:\/\/alimentacplp.com\/home\/?p=4282"},"modified":"2021-04-29T19:55:02","modified_gmt":"2021-04-29T18:55:02","slug":"webinar-politicas-agroalimentares-sustentaveis-projeto-pas-25-anos-de-luta-dosas-camponesesas-para-tornar-realidade-a-soberania-alimentar","status":"publish","type":"post","link":"https:\/\/alimentacplp.com\/home\/2021\/04\/29\/webinar-politicas-agroalimentares-sustentaveis-projeto-pas-25-anos-de-luta-dosas-camponesesas-para-tornar-realidade-a-soberania-alimentar\/","title":{"rendered":"Webinar: Pol\u00edticas Agroalimentares Sustent\u00e1veis &#8211; 25 anos de luta dos(as) camponeses(as) para tornar realidade a soberania alimentar"},"content":{"rendered":"<p>O webinar &#8220;25 anos de lutas dos\/as camponeses\/as para tornar realidade a Soberania Alimentar&#8221;, transmitido a partir de Lisboa e S\u00e3o Tom\u00e9, constituiu um verdadeiro momento de partilha e aprendizagem.<\/p>\n<p>Os oradores relembraram o trabalho que tem vindo a ser feito para a constru\u00e7\u00e3o da soberania alimentar, designadamente em S\u00e3o Tom\u00e9 e Pr\u00edncipe, dando visibilidade a todos os sucessos e realiza\u00e7\u00f5es alcan\u00e7ados. No entanto, e porque este dia representa tamb\u00e9m o momento de redobrar os esfor\u00e7os coletivos para obter a realiza\u00e7\u00e3o da soberania alimentar durante os pr\u00f3ximos 25 anos, os oradores alertaram para o caminho que falta percorrer para que seja poss\u00edvel dar resposta a problemas como a depend\u00eancia alimentar de S\u00e3o Tom\u00e9 e Pr\u00edncipe de produtos importados, a falta de produ\u00e7\u00e3o local de alimentos que satisfa\u00e7am as necessidades alimentares das comunidades e a inseguran\u00e7a alimentar que persiste no pa\u00eds.<\/p>\n<p>Veja mais em: <a href=\"https:\/\/www.imvf.org\/2021\/04\/26\/projeto-pas-politicas-agroalimentares-sustentaveis-promove-webinar-sobre-os-25-anos-de-luta-dos-as-camponeses-as-para-tornar-realidade-a-soberania-alimentar\/\">https:\/\/www.imvf.org\/2021\/04\/26\/projeto-pas-politicas-agroalimentares-sustentaveis-promove-webinar-sobre-os-25-anos-de-luta-dos-as-camponeses-as-para-tornar-realidade-a-soberania-alimentar\/<\/a><\/p>\n","protected":false},"excerpt":{"rendered":"<p>O webinar &#8220;25 anos de lutas dos\/as [&hellip;]<\/p>\n","protected":false},"author":4,"featured_media":4284,"comment_status":"closed","ping_status":"open","sticky":false,"template":"","format":"standard","meta":[],"categories":[41,1],"tags":[],"yoast_head":"<!-- This site is optimized with the Yoast SEO plugin v15.2.1 - https:\/\/yoast.com\/wordpress\/plugins\/seo\/ -->\n<title>Webinar: Pol\u00edticas Agroalimentares Sustent\u00e1veis - 25 anos de luta dos(as) camponeses(as) para tornar realidade a soberania alimentar | Alimenta CPLP!<\/title>\n<meta name=\"robots\" content=\"index, follow, max-snippet:-1, max-image-preview:large, max-video-preview:-1\" \/>\n<link rel=\"canonical\" href=\"https:\/\/alimentacplp.com\/home\/2021\/04\/29\/webinar-politicas-agroalimentares-sustentaveis-projeto-pas-25-anos-de-luta-dosas-camponesesas-para-tornar-realidade-a-soberania-alimentar\/\" \/>\n<meta property=\"og:locale\" content=\"pt_BR\" \/>\n<meta property=\"og:type\" content=\"article\" \/>\n<meta property=\"og:title\" content=\"Webinar: Pol\u00edticas Agroalimentares Sustent\u00e1veis - 25 anos de luta dos(as) camponeses(as) para tornar realidade a soberania alimentar | Alimenta CPLP!\" \/>\n<meta property=\"og:description\" content=\"O webinar &#8220;25 anos de lutas dos\/as [&hellip;]\" \/>\n<meta property=\"og:url\" content=\"https:\/\/alimentacplp.com\/home\/2021\/04\/29\/webinar-politicas-agroalimentares-sustentaveis-projeto-pas-25-anos-de-luta-dosas-camponesesas-para-tornar-realidade-a-soberania-alimentar\/\" \/>\n<meta property=\"og:site_name\" content=\"Alimenta CPLP!\" \/>\n<meta property=\"article:publisher\" content=\"https:\/\/www.facebook.com\/Alimenta-CPLP-114985186857112\/\" \/>\n<meta property=\"article:published_time\" content=\"2021-04-29T18:51:54+00:00\" \/>\n<meta property=\"article:modified_time\" content=\"2021-04-29T18:55:02+00:00\" \/>\n<meta property=\"og:image\" content=\"https:\/\/alimentacplp.com\/wp-content\/uploads\/2021\/04\/pas-st.png\" \/>\n\t<meta property=\"og:image:width\" content=\"1080\" \/>\n\t<meta property=\"og:image:height\" content=\"1080\" \/>\n<meta name=\"twitter:card\" content=\"summary_large_image\" \/>\n<meta name=\"twitter:label1\" content=\"Written by\">\n\t<meta name=\"twitter:data1\" content=\"Actuar Acd\">\n\t<meta name=\"twitter:label2\" content=\"Est. reading time\">\n\t<meta name=\"twitter:data2\" content=\"1 minuto\">\n<script type=\"application\/ld+json\" class=\"yoast-schema-graph\">{\"@context\":\"https:\/\/schema.org\",\"@graph\":[{\"@type\":\"WebSite\",\"@id\":\"https:\/\/alimentacplp.com\/home\/#website\",\"url\":\"https:\/\/alimentacplp.com\/home\/\",\"name\":\"Alimenta CPLP!\",\"description\":\"Observat\\u00f3rio COVID-19 CPLP\",\"potentialAction\":[{\"@type\":\"SearchAction\",\"target\":\"https:\/\/alimentacplp.com\/home\/?s={search_term_string}\",\"query-input\":\"required name=search_term_string\"}],\"inLanguage\":\"pt-BR\"},{\"@type\":\"ImageObject\",\"@id\":\"https:\/\/alimentacplp.com\/home\/2021\/04\/29\/webinar-politicas-agroalimentares-sustentaveis-projeto-pas-25-anos-de-luta-dosas-camponesesas-para-tornar-realidade-a-soberania-alimentar\/#primaryimage\",\"inLanguage\":\"pt-BR\",\"url\":\"https:\/\/alimentacplp.com\/wp-content\/uploads\/2021\/04\/pas-st.png\",\"width\":1080,\"height\":1080},{\"@type\":\"WebPage\",\"@id\":\"https:\/\/alimentacplp.com\/home\/2021\/04\/29\/webinar-politicas-agroalimentares-sustentaveis-projeto-pas-25-anos-de-luta-dosas-camponesesas-para-tornar-realidade-a-soberania-alimentar\/#webpage\",\"url\":\"https:\/\/alimentacplp.com\/home\/2021\/04\/29\/webinar-politicas-agroalimentares-sustentaveis-projeto-pas-25-anos-de-luta-dosas-camponesesas-para-tornar-realidade-a-soberania-alimentar\/\",\"name\":\"Webinar: Pol\\u00edticas Agroalimentares Sustent\\u00e1veis - 25 anos de luta dos(as) camponeses(as) para tornar realidade a soberania alimentar | Alimenta CPLP!\",\"isPartOf\":{\"@id\":\"https:\/\/alimentacplp.com\/home\/#website\"},\"primaryImageOfPage\":{\"@id\":\"https:\/\/alimentacplp.com\/home\/2021\/04\/29\/webinar-politicas-agroalimentares-sustentaveis-projeto-pas-25-anos-de-luta-dosas-camponesesas-para-tornar-realidade-a-soberania-alimentar\/#primaryimage\"},\"datePublished\":\"2021-04-29T18:51:54+00:00\",\"dateModified\":\"2021-04-29T18:55:02+00:00\",\"author\":{\"@id\":\"https:\/\/alimentacplp.com\/home\/#\/schema\/person\/b3156be85f55e704cfcb7550333e9b3c\"},\"inLanguage\":\"pt-BR\",\"potentialAction\":[{\"@type\":\"ReadAction\",\"target\":[\"https:\/\/alimentacplp.com\/home\/2021\/04\/29\/webinar-politicas-agroalimentares-sustentaveis-projeto-pas-25-anos-de-luta-dosas-camponesesas-para-tornar-realidade-a-soberania-alimentar\/\"]}]},{\"@type\":\"Person\",\"@id\":\"https:\/\/alimentacplp.com\/home\/#\/schema\/person\/b3156be85f55e704cfcb7550333e9b3c\",\"name\":\"Actuar Acd\",\"image\":{\"@type\":\"ImageObject\",\"@id\":\"https:\/\/alimentacplp.com\/home\/#personlogo\",\"inLanguage\":\"pt-BR\",\"url\":\"https:\/\/secure.gravatar.com\/avatar\/ac2cc7eb67ee1d806fbb58dcc65dd14c?s=96&d=mm&r=g\",\"caption\":\"Actuar Acd\"},\"sameAs\":[\"http:\/\/actuar-acd.org\"]}]}<\/script>\n<!-- \/ Yoast SEO plugin. -->","_links":{"self":[{"href":"https:\/\/alimentacplp.com\/home\/wp-json\/wp\/v2\/posts\/4282"}],"collection":[{"href":"https:\/\/alimentacplp.com\/home\/wp-json\/wp\/v2\/posts"}],"about":[{"href":"https:\/\/alimentacplp.com\/home\/wp-json\/wp\/v2\/types\/post"}],"author":[{"embeddable":true,"href":"https:\/\/alimentacplp.com\/home\/wp-json\/wp\/v2\/users\/4"}],"replies":[{"embeddable":true,"href":"https:\/\/alimentacplp.com\/home\/wp-json\/wp\/v2\/comments?post=4282"}],"version-history":[{"count":2,"href":"https:\/\/alimentacplp.com\/home\/wp-json\/wp\/v2\/posts\/4282\/revisions"}],"predecessor-version":[{"id":4286,"href":"https:\/\/alimentacplp.com\/home\/wp-json\/wp\/v2\/posts\/4282\/revisions\/4286"}],"wp:featuredmedia":[{"embeddable":true,"href":"https:\/\/alimentacplp.com\/home\/wp-json\/wp\/v2\/media\/4284"}],"wp:attachment":[{"href":"https:\/\/alimentacplp.com\/home\/wp-json\/wp\/v2\/media?parent=4282"}],"wp:term":[{"taxonomy":"category","embeddable":true,"href":"https:\/\/alimentacplp.com\/home\/wp-json\/wp\/v2\/categories?post=4282"},{"taxonomy":"post_tag","embeddable":true,"href":"https:\/\/alimentacplp.com\/home\/wp-json\/wp\/v2\/tags?post=4282"}],"curies":[{"name":"wp","href":"https:\/\/api.w.org\/{rel}","templated":true}]}}