{"id":4288,"date":"2021-05-06T16:22:37","date_gmt":"2021-05-06T15:22:37","guid":{"rendered":"https:\/\/alimentacplp.com\/home\/?p=4288"},"modified":"2021-05-06T16:33:57","modified_gmt":"2021-05-06T15:33:57","slug":"inseguranca-alimentar-recorde-em-2020-afetou-angola-mocambique-e-timor-leste","status":"publish","type":"post","link":"https:\/\/alimentacplp.com\/home\/2021\/05\/06\/inseguranca-alimentar-recorde-em-2020-afetou-angola-mocambique-e-timor-leste\/","title":{"rendered":"Inseguran\u00e7a alimentar recorde em 2020 afetou Angola, Mo\u00e7ambique e Timor-Leste"},"content":{"rendered":"<p>Pa\u00edses de l\u00edngua portuguesa est\u00e3o em lista de 55 na\u00e7\u00f5es que viveram fase mais aguda atingindo 155 milh\u00f5es de pessoas; relat\u00f3rio de v\u00e1rias ag\u00eancias da ONU diz que perspectivas para este ano s\u00e3o sombrias.<\/p>\n<p>Veja mais em: <a href=\"https:\/\/news.un.org\/pt\/story\/2021\/05\/1749712\">https:\/\/news.un.org\/pt\/story\/2021\/05\/1749712<\/a><\/p>\n","protected":false},"excerpt":{"rendered":"<p>Pa\u00edses de l\u00edngua portuguesa est\u00e3o em lista [&hellip;]<\/p>\n","protected":false},"author":4,"featured_media":3875,"comment_status":"closed","ping_status":"open","sticky":false,"template":"","format":"standard","meta":[],"categories":[36,53,21,40,1],"tags":[],"yoast_head":"<!-- This site is optimized with the Yoast SEO plugin v15.2.1 - https:\/\/yoast.com\/wordpress\/plugins\/seo\/ -->\n<title>Inseguran\u00e7a alimentar recorde em 2020 afetou Angola, Mo\u00e7ambique e Timor-Leste | Alimenta CPLP!<\/title>\n<meta name=\"robots\" content=\"index, follow, max-snippet:-1, max-image-preview:large, max-video-preview:-1\" \/>\n<link rel=\"canonical\" href=\"https:\/\/alimentacplp.com\/home\/2021\/05\/06\/inseguranca-alimentar-recorde-em-2020-afetou-angola-mocambique-e-timor-leste\/\" \/>\n<meta property=\"og:locale\" content=\"pt_BR\" \/>\n<meta property=\"og:type\" content=\"article\" \/>\n<meta property=\"og:title\" content=\"Inseguran\u00e7a alimentar recorde em 2020 afetou Angola, Mo\u00e7ambique e Timor-Leste | Alimenta CPLP!\" \/>\n<meta property=\"og:description\" content=\"Pa\u00edses de l\u00edngua portuguesa est\u00e3o em lista [&hellip;]\" \/>\n<meta property=\"og:url\" content=\"https:\/\/alimentacplp.com\/home\/2021\/05\/06\/inseguranca-alimentar-recorde-em-2020-afetou-angola-mocambique-e-timor-leste\/\" \/>\n<meta property=\"og:site_name\" content=\"Alimenta CPLP!\" \/>\n<meta property=\"article:publisher\" content=\"https:\/\/www.facebook.com\/Alimenta-CPLP-114985186857112\/\" \/>\n<meta property=\"article:published_time\" content=\"2021-05-06T15:22:37+00:00\" \/>\n<meta property=\"article:modified_time\" content=\"2021-05-06T15:33:57+00:00\" \/>\n<meta property=\"og:image\" content=\"https:\/\/alimentacplp.com\/wp-content\/uploads\/2020\/07\/observatorio-3.jpg\" \/>\n\t<meta property=\"og:image:width\" content=\"500\" \/>\n\t<meta property=\"og:image:height\" content=\"375\" \/>\n<meta name=\"twitter:card\" content=\"summary_large_image\" \/>\n<meta name=\"twitter:label1\" content=\"Written by\">\n\t<meta name=\"twitter:data1\" content=\"Actuar Acd\">\n\t<meta name=\"twitter:label2\" content=\"Est. reading time\">\n\t<meta name=\"twitter:data2\" content=\"0 minuto\">\n<script type=\"application\/ld+json\" class=\"yoast-schema-graph\">{\"@context\":\"https:\/\/schema.org\",\"@graph\":[{\"@type\":\"WebSite\",\"@id\":\"https:\/\/alimentacplp.com\/home\/#website\",\"url\":\"https:\/\/alimentacplp.com\/home\/\",\"name\":\"Alimenta CPLP!\",\"description\":\"Observat\\u00f3rio COVID-19 CPLP\",\"potentialAction\":[{\"@type\":\"SearchAction\",\"target\":\"https:\/\/alimentacplp.com\/home\/?s={search_term_string}\",\"query-input\":\"required name=search_term_string\"}],\"inLanguage\":\"pt-BR\"},{\"@type\":\"ImageObject\",\"@id\":\"https:\/\/alimentacplp.com\/home\/2021\/05\/06\/inseguranca-alimentar-recorde-em-2020-afetou-angola-mocambique-e-timor-leste\/#primaryimage\",\"inLanguage\":\"pt-BR\",\"url\":\"https:\/\/alimentacplp.com\/wp-content\/uploads\/2020\/07\/observatorio-3.jpg\",\"width\":500,\"height\":375},{\"@type\":\"WebPage\",\"@id\":\"https:\/\/alimentacplp.com\/home\/2021\/05\/06\/inseguranca-alimentar-recorde-em-2020-afetou-angola-mocambique-e-timor-leste\/#webpage\",\"url\":\"https:\/\/alimentacplp.com\/home\/2021\/05\/06\/inseguranca-alimentar-recorde-em-2020-afetou-angola-mocambique-e-timor-leste\/\",\"name\":\"Inseguran\\u00e7a alimentar recorde em 2020 afetou Angola, Mo\\u00e7ambique e Timor-Leste | Alimenta CPLP!\",\"isPartOf\":{\"@id\":\"https:\/\/alimentacplp.com\/home\/#website\"},\"primaryImageOfPage\":{\"@id\":\"https:\/\/alimentacplp.com\/home\/2021\/05\/06\/inseguranca-alimentar-recorde-em-2020-afetou-angola-mocambique-e-timor-leste\/#primaryimage\"},\"datePublished\":\"2021-05-06T15:22:37+00:00\",\"dateModified\":\"2021-05-06T15:33:57+00:00\",\"author\":{\"@id\":\"https:\/\/alimentacplp.com\/home\/#\/schema\/person\/b3156be85f55e704cfcb7550333e9b3c\"},\"inLanguage\":\"pt-BR\",\"potentialAction\":[{\"@type\":\"ReadAction\",\"target\":[\"https:\/\/alimentacplp.com\/home\/2021\/05\/06\/inseguranca-alimentar-recorde-em-2020-afetou-angola-mocambique-e-timor-leste\/\"]}]},{\"@type\":\"Person\",\"@id\":\"https:\/\/alimentacplp.com\/home\/#\/schema\/person\/b3156be85f55e704cfcb7550333e9b3c\",\"name\":\"Actuar Acd\",\"image\":{\"@type\":\"ImageObject\",\"@id\":\"https:\/\/alimentacplp.com\/home\/#personlogo\",\"inLanguage\":\"pt-BR\",\"url\":\"https:\/\/secure.gravatar.com\/avatar\/ac2cc7eb67ee1d806fbb58dcc65dd14c?s=96&d=mm&r=g\",\"caption\":\"Actuar Acd\"},\"sameAs\":[\"http:\/\/actuar-acd.org\"]}]}<\/script>\n<!-- \/ Yoast SEO plugin. -->","_links":{"self":[{"href":"https:\/\/alimentacplp.com\/home\/wp-json\/wp\/v2\/posts\/4288"}],"collection":[{"href":"https:\/\/alimentacplp.com\/home\/wp-json\/wp\/v2\/posts"}],"about":[{"href":"https:\/\/alimentacplp.com\/home\/wp-json\/wp\/v2\/types\/post"}],"author":[{"embeddable":true,"href":"https:\/\/alimentacplp.com\/home\/wp-json\/wp\/v2\/users\/4"}],"replies":[{"embeddable":true,"href":"https:\/\/alimentacplp.com\/home\/wp-json\/wp\/v2\/comments?post=4288"}],"version-history":[{"count":1,"href":"https:\/\/alimentacplp.com\/home\/wp-json\/wp\/v2\/posts\/4288\/revisions"}],"predecessor-version":[{"id":4289,"href":"https:\/\/alimentacplp.com\/home\/wp-json\/wp\/v2\/posts\/4288\/revisions\/4289"}],"wp:featuredmedia":[{"embeddable":true,"href":"https:\/\/alimentacplp.com\/home\/wp-json\/wp\/v2\/media\/3875"}],"wp:attachment":[{"href":"https:\/\/alimentacplp.com\/home\/wp-json\/wp\/v2\/media?parent=4288"}],"wp:term":[{"taxonomy":"category","embeddable":true,"href":"https:\/\/alimentacplp.com\/home\/wp-json\/wp\/v2\/categories?post=4288"},{"taxonomy":"post_tag","embeddable":true,"href":"https:\/\/alimentacplp.com\/home\/wp-json\/wp\/v2\/tags?post=4288"}],"curies":[{"name":"wp","href":"https:\/\/api.w.org\/{rel}","templated":true}]}}