{"id":4291,"date":"2021-05-17T16:25:10","date_gmt":"2021-05-17T15:25:10","guid":{"rendered":"https:\/\/alimentacplp.com\/home\/?p=4291"},"modified":"2021-05-17T16:25:10","modified_gmt":"2021-05-17T15:25:10","slug":"portugal-discute-a-inclusao-do-direito-a-alimentacao-adequada-na-estrategia-nacional-de-seguranca-alimentar-e-nutricional","status":"publish","type":"post","link":"https:\/\/alimentacplp.com\/home\/2021\/05\/17\/portugal-discute-a-inclusao-do-direito-a-alimentacao-adequada-na-estrategia-nacional-de-seguranca-alimentar-e-nutricional\/","title":{"rendered":"Portugal discute a inclus\u00e3o do direito \u00e0 alimenta\u00e7\u00e3o adequada na estrat\u00e9gia nacional de seguran\u00e7a alimentar e nutricional"},"content":{"rendered":"<p>\u201cProteger e concretizar o direito \u00e0 alimenta\u00e7\u00e3o adequada vai al\u00e9m de socorrer quem precisa (&#8230;) a Seguran\u00e7a Alimentar e Nutricional deixou de ser um assunto que s\u00f3 interessa aos pa\u00edses em desenvolvimento\u201d, afirmou o l\u00edder da equipa de Direito \u00e0 Alimenta\u00e7\u00e3o da FAO, Juan Carlos Garc\u00eda y Cebolla, durante evento organizado pela ACTUAR e parceiros no \u00e2mbito do projeto \u201cAlimenta\u00e7\u00e3o \u00e9 Direito!\u201d, cofinanciado pela EEA Grants (FCG \/ FBB).<\/p>\n<p><a href=\"https:\/\/peticaopublica.com\/pview.aspx?pi=LeiBases-alimentacao&amp;fbclid=IwAR1l9vv2PZgf3s2-EePgePoj62NuEU2Xl5F1cFSJPIciISM4aKDVbmhhpa0\">Pelo Direito Humano \u00e0 Alimenta\u00e7\u00e3o Adequada em Portugal, assine esta peti\u00e7\u00e3o!<\/a><\/p>\n<p>Veja mais em:<a href=\"http:\/\/www.fao.org\/right-to-food\/news\/news-detail\/en\/c\/1398919\/\"> http:\/\/www.fao.org\/right-to-food\/news\/news-detail\/en\/c\/1398919\/<\/a><\/p>\n","protected":false},"excerpt":{"rendered":"<p>\u201cProteger e concretizar o direito \u00e0 alimenta\u00e7\u00e3o [&hellip;]<\/p>\n","protected":false},"author":4,"featured_media":4097,"comment_status":"closed","ping_status":"open","sticky":false,"template":"","format":"standard","meta":[],"categories":[20,1],"tags":[],"yoast_head":"<!-- This site is optimized with the Yoast SEO plugin v15.2.1 - https:\/\/yoast.com\/wordpress\/plugins\/seo\/ -->\n<title>Portugal discute a inclus\u00e3o do direito \u00e0 alimenta\u00e7\u00e3o adequada na estrat\u00e9gia nacional de seguran\u00e7a alimentar e nutricional | Alimenta CPLP!<\/title>\n<meta name=\"robots\" content=\"index, follow, max-snippet:-1, max-image-preview:large, max-video-preview:-1\" \/>\n<link rel=\"canonical\" href=\"https:\/\/alimentacplp.com\/home\/2021\/05\/17\/portugal-discute-a-inclusao-do-direito-a-alimentacao-adequada-na-estrategia-nacional-de-seguranca-alimentar-e-nutricional\/\" \/>\n<meta property=\"og:locale\" content=\"pt_BR\" \/>\n<meta property=\"og:type\" content=\"article\" \/>\n<meta property=\"og:title\" content=\"Portugal discute a inclus\u00e3o do direito \u00e0 alimenta\u00e7\u00e3o adequada na estrat\u00e9gia nacional de seguran\u00e7a alimentar e nutricional | Alimenta CPLP!\" \/>\n<meta property=\"og:description\" content=\"\u201cProteger e concretizar o direito \u00e0 alimenta\u00e7\u00e3o [&hellip;]\" \/>\n<meta property=\"og:url\" content=\"https:\/\/alimentacplp.com\/home\/2021\/05\/17\/portugal-discute-a-inclusao-do-direito-a-alimentacao-adequada-na-estrategia-nacional-de-seguranca-alimentar-e-nutricional\/\" \/>\n<meta property=\"og:site_name\" content=\"Alimenta CPLP!\" \/>\n<meta property=\"article:publisher\" content=\"https:\/\/www.facebook.com\/Alimenta-CPLP-114985186857112\/\" \/>\n<meta property=\"article:published_time\" content=\"2021-05-17T15:25:10+00:00\" \/>\n<meta property=\"og:image\" content=\"https:\/\/alimentacplp.com\/wp-content\/uploads\/2020\/09\/foto-maca.jpg\" \/>\n\t<meta property=\"og:image:width\" content=\"1920\" \/>\n\t<meta property=\"og:image:height\" content=\"1280\" \/>\n<meta name=\"twitter:card\" content=\"summary_large_image\" \/>\n<meta name=\"twitter:label1\" content=\"Written by\">\n\t<meta name=\"twitter:data1\" content=\"Actuar Acd\">\n\t<meta name=\"twitter:label2\" content=\"Est. reading time\">\n\t<meta name=\"twitter:data2\" content=\"0 minuto\">\n<script type=\"application\/ld+json\" class=\"yoast-schema-graph\">{\"@context\":\"https:\/\/schema.org\",\"@graph\":[{\"@type\":\"WebSite\",\"@id\":\"https:\/\/alimentacplp.com\/home\/#website\",\"url\":\"https:\/\/alimentacplp.com\/home\/\",\"name\":\"Alimenta CPLP!\",\"description\":\"Observat\\u00f3rio COVID-19 CPLP\",\"potentialAction\":[{\"@type\":\"SearchAction\",\"target\":\"https:\/\/alimentacplp.com\/home\/?s={search_term_string}\",\"query-input\":\"required name=search_term_string\"}],\"inLanguage\":\"pt-BR\"},{\"@type\":\"ImageObject\",\"@id\":\"https:\/\/alimentacplp.com\/home\/2021\/05\/17\/portugal-discute-a-inclusao-do-direito-a-alimentacao-adequada-na-estrategia-nacional-de-seguranca-alimentar-e-nutricional\/#primaryimage\",\"inLanguage\":\"pt-BR\",\"url\":\"https:\/\/alimentacplp.com\/wp-content\/uploads\/2020\/09\/foto-maca.jpg\",\"width\":1920,\"height\":1280},{\"@type\":\"WebPage\",\"@id\":\"https:\/\/alimentacplp.com\/home\/2021\/05\/17\/portugal-discute-a-inclusao-do-direito-a-alimentacao-adequada-na-estrategia-nacional-de-seguranca-alimentar-e-nutricional\/#webpage\",\"url\":\"https:\/\/alimentacplp.com\/home\/2021\/05\/17\/portugal-discute-a-inclusao-do-direito-a-alimentacao-adequada-na-estrategia-nacional-de-seguranca-alimentar-e-nutricional\/\",\"name\":\"Portugal discute a inclus\\u00e3o do direito \\u00e0 alimenta\\u00e7\\u00e3o adequada na estrat\\u00e9gia nacional de seguran\\u00e7a alimentar e nutricional | Alimenta CPLP!\",\"isPartOf\":{\"@id\":\"https:\/\/alimentacplp.com\/home\/#website\"},\"primaryImageOfPage\":{\"@id\":\"https:\/\/alimentacplp.com\/home\/2021\/05\/17\/portugal-discute-a-inclusao-do-direito-a-alimentacao-adequada-na-estrategia-nacional-de-seguranca-alimentar-e-nutricional\/#primaryimage\"},\"datePublished\":\"2021-05-17T15:25:10+00:00\",\"dateModified\":\"2021-05-17T15:25:10+00:00\",\"author\":{\"@id\":\"https:\/\/alimentacplp.com\/home\/#\/schema\/person\/b3156be85f55e704cfcb7550333e9b3c\"},\"inLanguage\":\"pt-BR\",\"potentialAction\":[{\"@type\":\"ReadAction\",\"target\":[\"https:\/\/alimentacplp.com\/home\/2021\/05\/17\/portugal-discute-a-inclusao-do-direito-a-alimentacao-adequada-na-estrategia-nacional-de-seguranca-alimentar-e-nutricional\/\"]}]},{\"@type\":\"Person\",\"@id\":\"https:\/\/alimentacplp.com\/home\/#\/schema\/person\/b3156be85f55e704cfcb7550333e9b3c\",\"name\":\"Actuar Acd\",\"image\":{\"@type\":\"ImageObject\",\"@id\":\"https:\/\/alimentacplp.com\/home\/#personlogo\",\"inLanguage\":\"pt-BR\",\"url\":\"https:\/\/secure.gravatar.com\/avatar\/ac2cc7eb67ee1d806fbb58dcc65dd14c?s=96&d=mm&r=g\",\"caption\":\"Actuar Acd\"},\"sameAs\":[\"http:\/\/actuar-acd.org\"]}]}<\/script>\n<!-- \/ Yoast SEO plugin. -->","_links":{"self":[{"href":"https:\/\/alimentacplp.com\/home\/wp-json\/wp\/v2\/posts\/4291"}],"collection":[{"href":"https:\/\/alimentacplp.com\/home\/wp-json\/wp\/v2\/posts"}],"about":[{"href":"https:\/\/alimentacplp.com\/home\/wp-json\/wp\/v2\/types\/post"}],"author":[{"embeddable":true,"href":"https:\/\/alimentacplp.com\/home\/wp-json\/wp\/v2\/users\/4"}],"replies":[{"embeddable":true,"href":"https:\/\/alimentacplp.com\/home\/wp-json\/wp\/v2\/comments?post=4291"}],"version-history":[{"count":1,"href":"https:\/\/alimentacplp.com\/home\/wp-json\/wp\/v2\/posts\/4291\/revisions"}],"predecessor-version":[{"id":4293,"href":"https:\/\/alimentacplp.com\/home\/wp-json\/wp\/v2\/posts\/4291\/revisions\/4293"}],"wp:featuredmedia":[{"embeddable":true,"href":"https:\/\/alimentacplp.com\/home\/wp-json\/wp\/v2\/media\/4097"}],"wp:attachment":[{"href":"https:\/\/alimentacplp.com\/home\/wp-json\/wp\/v2\/media?parent=4291"}],"wp:term":[{"taxonomy":"category","embeddable":true,"href":"https:\/\/alimentacplp.com\/home\/wp-json\/wp\/v2\/categories?post=4291"},{"taxonomy":"post_tag","embeddable":true,"href":"https:\/\/alimentacplp.com\/home\/wp-json\/wp\/v2\/tags?post=4291"}],"curies":[{"name":"wp","href":"https:\/\/api.w.org\/{rel}","templated":true}]}}