{"id":4294,"date":"2021-05-21T18:10:09","date_gmt":"2021-05-21T17:10:09","guid":{"rendered":"https:\/\/alimentacplp.com\/home\/?p=4294"},"modified":"2021-06-21T17:12:18","modified_gmt":"2021-06-21T16:12:18","slug":"dialogo-da-cimeira-sobre-sistemas-alimentares-27-de-maio","status":"publish","type":"post","link":"https:\/\/alimentacplp.com\/home\/2021\/05\/21\/dialogo-da-cimeira-sobre-sistemas-alimentares-27-de-maio\/","title":{"rendered":"ONU refor\u00e7a apelo para socorrer v\u00edtimas em Cabo Delgado"},"content":{"rendered":"<p>&#8220;Dados do Unicef indicam que cerca de 33 mil crian\u00e7as que sofrem de desnutri\u00e7\u00e3o requerem cuidados especializados. Este n\u00famero poder\u00e1 aumentar at\u00e9 ao final do ano em Palma, Macomia e Quissanga&#8221;.<\/p>\n<p>&#8220;Ag\u00eancia das Na\u00e7\u00f5es Unidas para Refugiados, Acnur, precisa de cerca de US$ 13 milh\u00f5es para ajudar deslocados internos na prov\u00edncia do norte de Mo\u00e7ambique; Unicef requer US$ 90 milh\u00f5es&#8221;.<\/p>\n<p>Veja mais em: <a href=\"https:\/\/news.un.org\/pt\/story\/2021\/06\/1753702\">https:\/\/news.un.org\/pt\/story\/2021\/06\/1753702<\/a><\/p>\n","protected":false},"excerpt":{"rendered":"<p>&#8220;Dados do Unicef indicam que cerca de [&hellip;]<\/p>\n","protected":false},"author":4,"featured_media":3875,"comment_status":"closed","ping_status":"open","sticky":false,"template":"","format":"standard","meta":[],"categories":[21,1],"tags":[],"yoast_head":"<!-- This site is optimized with the Yoast SEO plugin v15.2.1 - https:\/\/yoast.com\/wordpress\/plugins\/seo\/ -->\n<title>ONU refor\u00e7a apelo para socorrer v\u00edtimas em Cabo Delgado | Alimenta CPLP!<\/title>\n<meta name=\"robots\" content=\"index, follow, max-snippet:-1, max-image-preview:large, max-video-preview:-1\" \/>\n<link rel=\"canonical\" href=\"https:\/\/alimentacplp.com\/home\/2021\/05\/21\/dialogo-da-cimeira-sobre-sistemas-alimentares-27-de-maio\/\" \/>\n<meta property=\"og:locale\" content=\"pt_BR\" \/>\n<meta property=\"og:type\" content=\"article\" \/>\n<meta property=\"og:title\" content=\"ONU refor\u00e7a apelo para socorrer v\u00edtimas em Cabo Delgado | Alimenta CPLP!\" \/>\n<meta property=\"og:description\" content=\"&#8220;Dados do Unicef indicam que cerca de [&hellip;]\" \/>\n<meta property=\"og:url\" content=\"https:\/\/alimentacplp.com\/home\/2021\/05\/21\/dialogo-da-cimeira-sobre-sistemas-alimentares-27-de-maio\/\" \/>\n<meta property=\"og:site_name\" content=\"Alimenta CPLP!\" \/>\n<meta property=\"article:publisher\" content=\"https:\/\/www.facebook.com\/Alimenta-CPLP-114985186857112\/\" \/>\n<meta property=\"article:published_time\" content=\"2021-05-21T17:10:09+00:00\" \/>\n<meta property=\"article:modified_time\" content=\"2021-06-21T16:12:18+00:00\" \/>\n<meta property=\"og:image\" content=\"https:\/\/alimentacplp.com\/wp-content\/uploads\/2020\/07\/observatorio-3.jpg\" \/>\n\t<meta property=\"og:image:width\" content=\"500\" \/>\n\t<meta property=\"og:image:height\" content=\"375\" \/>\n<meta name=\"twitter:card\" content=\"summary_large_image\" \/>\n<meta name=\"twitter:label1\" content=\"Written by\">\n\t<meta name=\"twitter:data1\" content=\"Actuar Acd\">\n\t<meta name=\"twitter:label2\" content=\"Est. reading time\">\n\t<meta name=\"twitter:data2\" content=\"0 minuto\">\n<script type=\"application\/ld+json\" class=\"yoast-schema-graph\">{\"@context\":\"https:\/\/schema.org\",\"@graph\":[{\"@type\":\"WebSite\",\"@id\":\"https:\/\/alimentacplp.com\/home\/#website\",\"url\":\"https:\/\/alimentacplp.com\/home\/\",\"name\":\"Alimenta CPLP!\",\"description\":\"Observat\\u00f3rio COVID-19 CPLP\",\"potentialAction\":[{\"@type\":\"SearchAction\",\"target\":\"https:\/\/alimentacplp.com\/home\/?s={search_term_string}\",\"query-input\":\"required name=search_term_string\"}],\"inLanguage\":\"pt-BR\"},{\"@type\":\"ImageObject\",\"@id\":\"https:\/\/alimentacplp.com\/home\/2021\/05\/21\/dialogo-da-cimeira-sobre-sistemas-alimentares-27-de-maio\/#primaryimage\",\"inLanguage\":\"pt-BR\",\"url\":\"https:\/\/alimentacplp.com\/wp-content\/uploads\/2020\/07\/observatorio-3.jpg\",\"width\":500,\"height\":375},{\"@type\":\"WebPage\",\"@id\":\"https:\/\/alimentacplp.com\/home\/2021\/05\/21\/dialogo-da-cimeira-sobre-sistemas-alimentares-27-de-maio\/#webpage\",\"url\":\"https:\/\/alimentacplp.com\/home\/2021\/05\/21\/dialogo-da-cimeira-sobre-sistemas-alimentares-27-de-maio\/\",\"name\":\"ONU refor\\u00e7a apelo para socorrer v\\u00edtimas em Cabo Delgado | Alimenta CPLP!\",\"isPartOf\":{\"@id\":\"https:\/\/alimentacplp.com\/home\/#website\"},\"primaryImageOfPage\":{\"@id\":\"https:\/\/alimentacplp.com\/home\/2021\/05\/21\/dialogo-da-cimeira-sobre-sistemas-alimentares-27-de-maio\/#primaryimage\"},\"datePublished\":\"2021-05-21T17:10:09+00:00\",\"dateModified\":\"2021-06-21T16:12:18+00:00\",\"author\":{\"@id\":\"https:\/\/alimentacplp.com\/home\/#\/schema\/person\/b3156be85f55e704cfcb7550333e9b3c\"},\"inLanguage\":\"pt-BR\",\"potentialAction\":[{\"@type\":\"ReadAction\",\"target\":[\"https:\/\/alimentacplp.com\/home\/2021\/05\/21\/dialogo-da-cimeira-sobre-sistemas-alimentares-27-de-maio\/\"]}]},{\"@type\":\"Person\",\"@id\":\"https:\/\/alimentacplp.com\/home\/#\/schema\/person\/b3156be85f55e704cfcb7550333e9b3c\",\"name\":\"Actuar Acd\",\"image\":{\"@type\":\"ImageObject\",\"@id\":\"https:\/\/alimentacplp.com\/home\/#personlogo\",\"inLanguage\":\"pt-BR\",\"url\":\"https:\/\/secure.gravatar.com\/avatar\/ac2cc7eb67ee1d806fbb58dcc65dd14c?s=96&d=mm&r=g\",\"caption\":\"Actuar Acd\"},\"sameAs\":[\"http:\/\/actuar-acd.org\"]}]}<\/script>\n<!-- \/ Yoast SEO plugin. -->","_links":{"self":[{"href":"https:\/\/alimentacplp.com\/home\/wp-json\/wp\/v2\/posts\/4294"}],"collection":[{"href":"https:\/\/alimentacplp.com\/home\/wp-json\/wp\/v2\/posts"}],"about":[{"href":"https:\/\/alimentacplp.com\/home\/wp-json\/wp\/v2\/types\/post"}],"author":[{"embeddable":true,"href":"https:\/\/alimentacplp.com\/home\/wp-json\/wp\/v2\/users\/4"}],"replies":[{"embeddable":true,"href":"https:\/\/alimentacplp.com\/home\/wp-json\/wp\/v2\/comments?post=4294"}],"version-history":[{"count":3,"href":"https:\/\/alimentacplp.com\/home\/wp-json\/wp\/v2\/posts\/4294\/revisions"}],"predecessor-version":[{"id":4314,"href":"https:\/\/alimentacplp.com\/home\/wp-json\/wp\/v2\/posts\/4294\/revisions\/4314"}],"wp:featuredmedia":[{"embeddable":true,"href":"https:\/\/alimentacplp.com\/home\/wp-json\/wp\/v2\/media\/3875"}],"wp:attachment":[{"href":"https:\/\/alimentacplp.com\/home\/wp-json\/wp\/v2\/media?parent=4294"}],"wp:term":[{"taxonomy":"category","embeddable":true,"href":"https:\/\/alimentacplp.com\/home\/wp-json\/wp\/v2\/categories?post=4294"},{"taxonomy":"post_tag","embeddable":true,"href":"https:\/\/alimentacplp.com\/home\/wp-json\/wp\/v2\/tags?post=4294"}],"curies":[{"name":"wp","href":"https:\/\/api.w.org\/{rel}","templated":true}]}}