{"id":4317,"date":"2021-07-02T18:01:46","date_gmt":"2021-07-02T17:01:46","guid":{"rendered":"https:\/\/alimentacplp.com\/home\/?p=4317"},"modified":"2021-07-02T18:01:46","modified_gmt":"2021-07-02T17:01:46","slug":"brasil-sem-apoio-do-governo-federal-populacao-do-campo-sofre-com-avanco-da-fome-na-pandemia","status":"publish","type":"post","link":"https:\/\/alimentacplp.com\/home\/2021\/07\/02\/brasil-sem-apoio-do-governo-federal-populacao-do-campo-sofre-com-avanco-da-fome-na-pandemia\/","title":{"rendered":"Brasil: Sem apoio do governo federal, popula\u00e7\u00e3o do campo sofre com avan\u00e7o da fome na pandemia"},"content":{"rendered":"<p>Com o avan\u00e7o de pol\u00edticas agr\u00e1rias e ambientais que favorecem a expans\u00e3o das fronteiras do agroneg\u00f3cio, um setor da sociedade tem sido especialmente afetado: a popula\u00e7\u00e3o que vive nas zonas rurais<\/p>\n<p>Al\u00e9m do aumento do desmatamento, dos conflitos por terra, e da contamina\u00e7\u00e3o das nascentes, do solo e das pessoas pelo uso intensivo de agrot\u00f3xicos, o povo do campo \u00e9 o que tamb\u00e9m mais tem sofrido com a fome durante a pandemia. No esfor\u00e7o de defender a vida das pessoas do campo, estrou em vota\u00e7\u00e3o no Congresso Nacional na noite desta ter\u00e7a-feira (8), o PL 823, de 2021, que retoma a proposta de medidas emergenciais de amparo aos agricultores familiares durante a pandemia.<\/p>\n<p>Veja mais em: <a href=\"https:\/\/www.brasildefato.com.br\/2021\/06\/08\/sem-apoio-do-governo-federal-populacao-do-campo-sofre-com-avanco-da-fome-na-pandemia\">https:\/\/www.brasildefato.com.br\/2021\/06\/08\/sem-apoio-do-governo-federal-populacao-do-campo-sofre-com-avanco-da-fome-na-pandemia<\/a><\/p>\n","protected":false},"excerpt":{"rendered":"<p>Com o avan\u00e7o de pol\u00edticas agr\u00e1rias e [&hellip;]<\/p>\n","protected":false},"author":4,"featured_media":3301,"comment_status":"closed","ping_status":"open","sticky":false,"template":"","format":"standard","meta":[],"categories":[19,1],"tags":[],"yoast_head":"<!-- This site is optimized with the Yoast SEO plugin v15.2.1 - https:\/\/yoast.com\/wordpress\/plugins\/seo\/ -->\n<title>Brasil: Sem apoio do governo federal, popula\u00e7\u00e3o do campo sofre com avan\u00e7o da fome na pandemia | Alimenta CPLP!<\/title>\n<meta name=\"robots\" content=\"index, follow, max-snippet:-1, max-image-preview:large, max-video-preview:-1\" \/>\n<link rel=\"canonical\" href=\"https:\/\/alimentacplp.com\/home\/2021\/07\/02\/brasil-sem-apoio-do-governo-federal-populacao-do-campo-sofre-com-avanco-da-fome-na-pandemia\/\" \/>\n<meta property=\"og:locale\" content=\"pt_BR\" \/>\n<meta property=\"og:type\" content=\"article\" \/>\n<meta property=\"og:title\" content=\"Brasil: Sem apoio do governo federal, popula\u00e7\u00e3o do campo sofre com avan\u00e7o da fome na pandemia | Alimenta CPLP!\" \/>\n<meta property=\"og:description\" content=\"Com o avan\u00e7o de pol\u00edticas agr\u00e1rias e [&hellip;]\" \/>\n<meta property=\"og:url\" content=\"https:\/\/alimentacplp.com\/home\/2021\/07\/02\/brasil-sem-apoio-do-governo-federal-populacao-do-campo-sofre-com-avanco-da-fome-na-pandemia\/\" \/>\n<meta property=\"og:site_name\" content=\"Alimenta CPLP!\" \/>\n<meta property=\"article:publisher\" content=\"https:\/\/www.facebook.com\/Alimenta-CPLP-114985186857112\/\" \/>\n<meta property=\"article:published_time\" content=\"2021-07-02T17:01:46+00:00\" \/>\n<meta property=\"og:image\" content=\"https:\/\/alimentacplp.com\/wp-content\/uploads\/2020\/06\/a4124432c7766e9768587153178a6890.jpg\" \/>\n\t<meta property=\"og:image:width\" content=\"1200\" \/>\n\t<meta property=\"og:image:height\" content=\"721\" \/>\n<meta name=\"twitter:card\" content=\"summary_large_image\" \/>\n<meta name=\"twitter:label1\" content=\"Written by\">\n\t<meta name=\"twitter:data1\" content=\"Actuar Acd\">\n\t<meta name=\"twitter:label2\" content=\"Est. reading time\">\n\t<meta name=\"twitter:data2\" content=\"1 minuto\">\n<script type=\"application\/ld+json\" class=\"yoast-schema-graph\">{\"@context\":\"https:\/\/schema.org\",\"@graph\":[{\"@type\":\"WebSite\",\"@id\":\"https:\/\/alimentacplp.com\/home\/#website\",\"url\":\"https:\/\/alimentacplp.com\/home\/\",\"name\":\"Alimenta CPLP!\",\"description\":\"Observat\\u00f3rio COVID-19 CPLP\",\"potentialAction\":[{\"@type\":\"SearchAction\",\"target\":\"https:\/\/alimentacplp.com\/home\/?s={search_term_string}\",\"query-input\":\"required name=search_term_string\"}],\"inLanguage\":\"pt-BR\"},{\"@type\":\"ImageObject\",\"@id\":\"https:\/\/alimentacplp.com\/home\/2021\/07\/02\/brasil-sem-apoio-do-governo-federal-populacao-do-campo-sofre-com-avanco-da-fome-na-pandemia\/#primaryimage\",\"inLanguage\":\"pt-BR\",\"url\":\"https:\/\/alimentacplp.com\/wp-content\/uploads\/2020\/06\/a4124432c7766e9768587153178a6890.jpg\",\"width\":1200,\"height\":721},{\"@type\":\"WebPage\",\"@id\":\"https:\/\/alimentacplp.com\/home\/2021\/07\/02\/brasil-sem-apoio-do-governo-federal-populacao-do-campo-sofre-com-avanco-da-fome-na-pandemia\/#webpage\",\"url\":\"https:\/\/alimentacplp.com\/home\/2021\/07\/02\/brasil-sem-apoio-do-governo-federal-populacao-do-campo-sofre-com-avanco-da-fome-na-pandemia\/\",\"name\":\"Brasil: Sem apoio do governo federal, popula\\u00e7\\u00e3o do campo sofre com avan\\u00e7o da fome na pandemia | Alimenta CPLP!\",\"isPartOf\":{\"@id\":\"https:\/\/alimentacplp.com\/home\/#website\"},\"primaryImageOfPage\":{\"@id\":\"https:\/\/alimentacplp.com\/home\/2021\/07\/02\/brasil-sem-apoio-do-governo-federal-populacao-do-campo-sofre-com-avanco-da-fome-na-pandemia\/#primaryimage\"},\"datePublished\":\"2021-07-02T17:01:46+00:00\",\"dateModified\":\"2021-07-02T17:01:46+00:00\",\"author\":{\"@id\":\"https:\/\/alimentacplp.com\/home\/#\/schema\/person\/b3156be85f55e704cfcb7550333e9b3c\"},\"inLanguage\":\"pt-BR\",\"potentialAction\":[{\"@type\":\"ReadAction\",\"target\":[\"https:\/\/alimentacplp.com\/home\/2021\/07\/02\/brasil-sem-apoio-do-governo-federal-populacao-do-campo-sofre-com-avanco-da-fome-na-pandemia\/\"]}]},{\"@type\":\"Person\",\"@id\":\"https:\/\/alimentacplp.com\/home\/#\/schema\/person\/b3156be85f55e704cfcb7550333e9b3c\",\"name\":\"Actuar Acd\",\"image\":{\"@type\":\"ImageObject\",\"@id\":\"https:\/\/alimentacplp.com\/home\/#personlogo\",\"inLanguage\":\"pt-BR\",\"url\":\"https:\/\/secure.gravatar.com\/avatar\/ac2cc7eb67ee1d806fbb58dcc65dd14c?s=96&d=mm&r=g\",\"caption\":\"Actuar Acd\"},\"sameAs\":[\"http:\/\/actuar-acd.org\"]}]}<\/script>\n<!-- \/ Yoast SEO plugin. -->","_links":{"self":[{"href":"https:\/\/alimentacplp.com\/home\/wp-json\/wp\/v2\/posts\/4317"}],"collection":[{"href":"https:\/\/alimentacplp.com\/home\/wp-json\/wp\/v2\/posts"}],"about":[{"href":"https:\/\/alimentacplp.com\/home\/wp-json\/wp\/v2\/types\/post"}],"author":[{"embeddable":true,"href":"https:\/\/alimentacplp.com\/home\/wp-json\/wp\/v2\/users\/4"}],"replies":[{"embeddable":true,"href":"https:\/\/alimentacplp.com\/home\/wp-json\/wp\/v2\/comments?post=4317"}],"version-history":[{"count":1,"href":"https:\/\/alimentacplp.com\/home\/wp-json\/wp\/v2\/posts\/4317\/revisions"}],"predecessor-version":[{"id":4318,"href":"https:\/\/alimentacplp.com\/home\/wp-json\/wp\/v2\/posts\/4317\/revisions\/4318"}],"wp:featuredmedia":[{"embeddable":true,"href":"https:\/\/alimentacplp.com\/home\/wp-json\/wp\/v2\/media\/3301"}],"wp:attachment":[{"href":"https:\/\/alimentacplp.com\/home\/wp-json\/wp\/v2\/media?parent=4317"}],"wp:term":[{"taxonomy":"category","embeddable":true,"href":"https:\/\/alimentacplp.com\/home\/wp-json\/wp\/v2\/categories?post=4317"},{"taxonomy":"post_tag","embeddable":true,"href":"https:\/\/alimentacplp.com\/home\/wp-json\/wp\/v2\/tags?post=4317"}],"curies":[{"name":"wp","href":"https:\/\/api.w.org\/{rel}","templated":true}]}}